{"id":8924,"date":"2025-09-19T16:27:00","date_gmt":"2025-09-19T15:27:00","guid":{"rendered":"https:\/\/l2ep.univ-lille.fr\/?p=8924"},"modified":"2025-11-19T12:37:46","modified_gmt":"2025-11-19T11:37:46","slug":"seminaire-florentin-salomez-charge-de-recherche-cnrs-g2elab-19-novembre-2019","status":"publish","type":"post","link":"https:\/\/l2ep.univ-lille.fr\/en\/seminaire-florentin-salomez-charge-de-recherche-cnrs-g2elab-19-novembre-2019\/","title":{"rendered":"S\u00e9minaire, Florentin Salomez, charg\u00e9 de recherche CNRS, G2ELaB, 19 novembre 2019"},"content":{"rendered":"<p style=\"text-align: center;\"><strong><span style=\"color: #f07e1c;\">S\u00e9minaire scientifique<\/span><\/strong><\/p>\n<p style=\"text-align: center;\"><strong><span style=\"font-size: medium; color: #f07e1c;\">Int\u00e9gration des contraintes des acteurs de l\u2019\u00e9conomie circulaire \u00e0 la conception en \u00e9lectronique de puissance<\/span><\/strong><\/p>\n<p style=\"text-align: center;\">Florentin Salomez<br \/>\nCharg\u00e9 de Recherche CNRS au G2ELaB<\/p>\n<p style=\"text-align: center;\">19 novembre 2025 10h<br \/>\nAmphi. 1A14 de l&rsquo;IUT de Lille<\/p>\n<div id=\"attachment_8935\" style=\"width: 247px\" class=\"wp-caption aligncenter\"><a href=\"https:\/\/l2ep.univ-lille.fr\/wp-content\/uploads\/Soutenabilite_Electronique_Puissance_Prez_L2EP_2025_clean_partage.pdf\"><img aria-describedby=\"caption-attachment-8935\" loading=\"lazy\" src=\"https:\/\/l2ep.univ-lille.fr\/wp-content\/uploads\/Capture-decran-2025-11-19-123408.png\" alt=\"\" width=\"237\" height=\"134\" class=\"wp-image-8935\" srcset=\"https:\/\/l2ep.univ-lille.fr\/wp-content\/uploads\/Capture-decran-2025-11-19-123408.png 315w, https:\/\/l2ep.univ-lille.fr\/wp-content\/uploads\/Capture-decran-2025-11-19-123408-300x170.png 300w\" sizes=\"(max-width: 237px) 100vw, 237px\" \/><\/a><p id=\"caption-attachment-8935\" class=\"wp-caption-text\"><a href=\"https:\/\/l2ep.univ-lille.fr\/wp-content\/uploads\/Soutenabilite_Electronique_Puissance_Prez_L2EP_2025_clean_partage.pdf\"><span style=\"color: #f07e1c;\">Pr\u00e9sentation<\/span><\/a><\/p><\/div>\n","protected":false},"excerpt":{"rendered":"<p>S\u00e9minaire scientifique Int\u00e9gration des contraintes des acteurs de l\u2019\u00e9conomie circulaire \u00e0 la conception en \u00e9lectronique de puissance Florentin Salomez Charg\u00e9 de Recherche CNRS au G2ELaB 19 novembre 2025 10h Amphi. 1A14 de l&rsquo;IUT de Lille<\/p>\n","protected":false},"author":8,"featured_media":0,"comment_status":"closed","ping_status":"closed","sticky":false,"template":"","format":"standard","meta":[],"categories":[16,37],"tags":[],"_links":{"self":[{"href":"https:\/\/l2ep.univ-lille.fr\/en\/wp-json\/wp\/v2\/posts\/8924"}],"collection":[{"href":"https:\/\/l2ep.univ-lille.fr\/en\/wp-json\/wp\/v2\/posts"}],"about":[{"href":"https:\/\/l2ep.univ-lille.fr\/en\/wp-json\/wp\/v2\/types\/post"}],"author":[{"embeddable":true,"href":"https:\/\/l2ep.univ-lille.fr\/en\/wp-json\/wp\/v2\/users\/8"}],"replies":[{"embeddable":true,"href":"https:\/\/l2ep.univ-lille.fr\/en\/wp-json\/wp\/v2\/comments?post=8924"}],"version-history":[{"count":3,"href":"https:\/\/l2ep.univ-lille.fr\/en\/wp-json\/wp\/v2\/posts\/8924\/revisions"}],"predecessor-version":[{"id":8938,"href":"https:\/\/l2ep.univ-lille.fr\/en\/wp-json\/wp\/v2\/posts\/8924\/revisions\/8938"}],"wp:attachment":[{"href":"https:\/\/l2ep.univ-lille.fr\/en\/wp-json\/wp\/v2\/media?parent=8924"}],"wp:term":[{"taxonomy":"category","embeddable":true,"href":"https:\/\/l2ep.univ-lille.fr\/en\/wp-json\/wp\/v2\/categories?post=8924"},{"taxonomy":"post_tag","embeddable":true,"href":"https:\/\/l2ep.univ-lille.fr\/en\/wp-json\/wp\/v2\/tags?post=8924"}],"curies":[{"name":"wp","href":"https:\/\/api.w.org\/{rel}","templated":true}]}}