{"id":8564,"date":"2024-12-07T14:01:00","date_gmt":"2024-12-07T13:01:00","guid":{"rendered":"https:\/\/l2ep.univ-lille.fr\/?p=8564"},"modified":"2025-02-04T14:05:22","modified_gmt":"2025-02-04T13:05:22","slug":"seminaire-genie-electrique-sciences-humaines-et-sociales-7-fev-2025","status":"publish","type":"post","link":"https:\/\/l2ep.univ-lille.fr\/en\/seminaire-genie-electrique-sciences-humaines-et-sociales-7-fev-2025\/","title":{"rendered":"S\u00e9minaire G\u00e9nie \u00e9lectrique &#8211; Sciences humaines et sociales, 7 F\u00e9v. 2025"},"content":{"rendered":"<p style=\"text-align: center;\"><strong><span style=\"font-size: medium; color: #f07e1c;\">Interactions entre les probl\u00e9matiques de gestion d\u2019\u00e9nergie \u00e9lectrique (r\u00e9seau, v\u00e9hicule<br \/>\n\u00e9lectrique\u2026) et les sciences humaines et sociales<\/span><\/strong><\/p>\n<p style=\"text-align: center;\">\n7 f\u00e9vrier 2025 \u2013 ATRIUM, b\u00e2timent ESPRIT<br \/>\nCit\u00e9 scientifique de Villeneuve d\u2019Ascq<\/p>\n<div id=\"attachment_8565\" style=\"width: 182px\" class=\"wp-caption aligncenter\"><a href=\"https:\/\/l2ep.univ-lille.fr\/wp-content\/uploads\/Programme-seminaire-GE-SHS_2.pdf\"><img aria-describedby=\"caption-attachment-8565\" loading=\"lazy\" src=\"https:\/\/l2ep.univ-lille.fr\/wp-content\/uploads\/Capture-1.jpg\" alt=\"\" width=\"172\" height=\"244\" class=\"wp-image-8565\" srcset=\"https:\/\/l2ep.univ-lille.fr\/wp-content\/uploads\/Capture-1.jpg 245w, https:\/\/l2ep.univ-lille.fr\/wp-content\/uploads\/Capture-1-212x300.jpg 212w\" sizes=\"(max-width: 172px) 100vw, 172px\" \/><\/a><p id=\"caption-attachment-8565\" class=\"wp-caption-text\">Programme<\/p><\/div>\n","protected":false},"excerpt":{"rendered":"<p>Interactions entre les probl\u00e9matiques de gestion d\u2019\u00e9nergie \u00e9lectrique (r\u00e9seau, v\u00e9hicule \u00e9lectrique\u2026) et les sciences humaines et sociales 7 f\u00e9vrier 2025 \u2013 ATRIUM, b\u00e2timent ESPRIT Cit\u00e9 scientifique de Villeneuve d\u2019Ascq<\/p>\n","protected":false},"author":8,"featured_media":0,"comment_status":"closed","ping_status":"closed","sticky":false,"template":"","format":"standard","meta":[],"categories":[37],"tags":[],"_links":{"self":[{"href":"https:\/\/l2ep.univ-lille.fr\/en\/wp-json\/wp\/v2\/posts\/8564"}],"collection":[{"href":"https:\/\/l2ep.univ-lille.fr\/en\/wp-json\/wp\/v2\/posts"}],"about":[{"href":"https:\/\/l2ep.univ-lille.fr\/en\/wp-json\/wp\/v2\/types\/post"}],"author":[{"embeddable":true,"href":"https:\/\/l2ep.univ-lille.fr\/en\/wp-json\/wp\/v2\/users\/8"}],"replies":[{"embeddable":true,"href":"https:\/\/l2ep.univ-lille.fr\/en\/wp-json\/wp\/v2\/comments?post=8564"}],"version-history":[{"count":1,"href":"https:\/\/l2ep.univ-lille.fr\/en\/wp-json\/wp\/v2\/posts\/8564\/revisions"}],"predecessor-version":[{"id":8567,"href":"https:\/\/l2ep.univ-lille.fr\/en\/wp-json\/wp\/v2\/posts\/8564\/revisions\/8567"}],"wp:attachment":[{"href":"https:\/\/l2ep.univ-lille.fr\/en\/wp-json\/wp\/v2\/media?parent=8564"}],"wp:term":[{"taxonomy":"category","embeddable":true,"href":"https:\/\/l2ep.univ-lille.fr\/en\/wp-json\/wp\/v2\/categories?post=8564"},{"taxonomy":"post_tag","embeddable":true,"href":"https:\/\/l2ep.univ-lille.fr\/en\/wp-json\/wp\/v2\/tags?post=8564"}],"curies":[{"name":"wp","href":"https:\/\/api.w.org\/{rel}","templated":true}]}}