{"id":8264,"date":"2023-12-19T14:50:00","date_gmt":"2023-12-19T13:50:00","guid":{"rendered":"https:\/\/l2ep.univ-lille.fr\/?p=8264"},"modified":"2024-06-03T13:20:43","modified_gmt":"2024-06-03T12:20:43","slug":"colloque-de-lancement-du-laboratoire-inspirons-demain-sur-lenergie","status":"publish","type":"post","link":"https:\/\/l2ep.univ-lille.fr\/en\/colloque-de-lancement-du-laboratoire-inspirons-demain-sur-lenergie\/","title":{"rendered":"Colloque de lancement du Laboratoire Inspirons Demain sur l&rsquo;\u00e9nergie"},"content":{"rendered":"\n<p><\/p>\n\n\n\n<div style=\"height:14px\" aria-hidden=\"true\" class=\"wp-block-spacer\"><\/div>\n\n\n\n<h3 class=\"has-black-color has-text-color\">Le 19 mars 2024, \u00e0 l\u2019occasion de la&nbsp;<strong><a rel=\"noreferrer noopener\" href=\"https:\/\/semainedestransitions.univ-lille.fr\/\" target=\"_blank\">Semaine des Transitions<\/a><\/strong>&nbsp;de l\u2019Universit\u00e9 de Lille, s\u2019est d\u00e9roul\u00e9 le lancement du&nbsp;<a rel=\"noreferrer noopener\" href=\"https:\/\/comasys.univ-lille.fr\/chaire-odd\/laboratoire-inspirons-demain\" target=\"_blank\"><strong>Laboratoire Inspirons Demain<\/strong><\/a>&nbsp;(LID) sur le th\u00e8me de l\u2019\u00e9nergie&nbsp;: \u00e0 cette occasion, le colloque intitul\u00e9&nbsp;<strong>\u00ab&nbsp;Transitons Energ\u00e9tiques&nbsp;: enjeux, verrous, d\u00e9fis&nbsp;\u00bb<\/strong>&nbsp;s\u2019est tenu \u00e0 Polytech Lille, suivi de visites de quelques plateformes de l\u2019Universit\u00e9 d\u00e9di\u00e9es \u00e0 l\u2019\u00e9nergie.<\/h3>\n\n\n\n<h3 class=\"has-black-color has-text-color\">Le LID est une action phare de la <strong>Chaire ODD  \u00ab&nbsp;Transitions \u00e9nerg\u00e9tiques \u00bb<\/strong> qui est port\u00e9e par Betty Semail (L2EP) et Pascal Roussel (UCCS). <\/h3>\n\n\n\n<div style=\"height:33px\" aria-hidden=\"true\" class=\"wp-block-spacer\"><\/div>\n\n\n\n<div class=\"wp-block-image\"><figure class=\"aligncenter size-large is-resized\"><img loading=\"lazy\" src=\"https:\/\/l2ep.univ-lille.fr\/wp-content\/uploads\/intro-LID-1024x683.jpg\" alt=\"\" class=\"wp-image-8265\" width=\"768\" height=\"512\" srcset=\"https:\/\/l2ep.univ-lille.fr\/wp-content\/uploads\/intro-LID-1024x683.jpg 1024w, https:\/\/l2ep.univ-lille.fr\/wp-content\/uploads\/intro-LID-300x200.jpg 300w, https:\/\/l2ep.univ-lille.fr\/wp-content\/uploads\/intro-LID-768x512.jpg 768w, https:\/\/l2ep.univ-lille.fr\/wp-content\/uploads\/intro-LID-1536x1024.jpg 1536w, https:\/\/l2ep.univ-lille.fr\/wp-content\/uploads\/intro-LID-2048x1365.jpg 2048w\" sizes=\"(max-width: 768px) 100vw, 768px\" \/><\/figure><\/div>\n\n\n\n<div class=\"wp-block-columns\">\n<div class=\"wp-block-column\"><\/div>\n<\/div>\n\n\n\n<div style=\"height:15px\" aria-hidden=\"true\" class=\"wp-block-spacer\"><\/div>\n\n\n\n<div class=\"wp-block-buttons is-content-justification-center\">\n<div class=\"wp-block-button has-custom-width wp-block-button__width-25\"><a class=\"wp-block-button__link has-black-color has-luminous-vivid-amber-background-color has-text-color has-background\" href=\"https:\/\/comasys.univ-lille.fr\/chaire-odd\/journee-de-lancement-du-lid-sur-lenergie\" target=\"_blank\" rel=\"noreferrer noopener\"><strong>En savoir plus<\/strong><\/a><\/div>\n<\/div>\n\n\n\n<p><\/p>\n","protected":false},"excerpt":{"rendered":"<p>Le 19 mars 2024, \u00e0 l\u2019occasion de la&nbsp;Semaine des Transitions&nbsp;de l\u2019Universit\u00e9 de Lille, s\u2019est d\u00e9roul\u00e9 le lancement du&nbsp;Laboratoire Inspirons Demain&nbsp;(LID) sur le th\u00e8me de l\u2019\u00e9nergie&nbsp;: \u00e0 cette occasion, le colloque intitul\u00e9&nbsp;\u00ab&nbsp;Transitons Energ\u00e9tiques&nbsp;: enjeux, verrous, d\u00e9fis&nbsp;\u00bb&nbsp;s\u2019est tenu \u00e0 Polytech Lille, suivi de visites de quelques plateformes de l\u2019Universit\u00e9 d\u00e9di\u00e9es \u00e0 l\u2019\u00e9nergie. Le LID est une action [&hellip;]<\/p>\n","protected":false},"author":11,"featured_media":0,"comment_status":"closed","ping_status":"closed","sticky":false,"template":"","format":"standard","meta":[],"categories":[1],"tags":[],"_links":{"self":[{"href":"https:\/\/l2ep.univ-lille.fr\/en\/wp-json\/wp\/v2\/posts\/8264"}],"collection":[{"href":"https:\/\/l2ep.univ-lille.fr\/en\/wp-json\/wp\/v2\/posts"}],"about":[{"href":"https:\/\/l2ep.univ-lille.fr\/en\/wp-json\/wp\/v2\/types\/post"}],"author":[{"embeddable":true,"href":"https:\/\/l2ep.univ-lille.fr\/en\/wp-json\/wp\/v2\/users\/11"}],"replies":[{"embeddable":true,"href":"https:\/\/l2ep.univ-lille.fr\/en\/wp-json\/wp\/v2\/comments?post=8264"}],"version-history":[{"count":28,"href":"https:\/\/l2ep.univ-lille.fr\/en\/wp-json\/wp\/v2\/posts\/8264\/revisions"}],"predecessor-version":[{"id":8295,"href":"https:\/\/l2ep.univ-lille.fr\/en\/wp-json\/wp\/v2\/posts\/8264\/revisions\/8295"}],"wp:attachment":[{"href":"https:\/\/l2ep.univ-lille.fr\/en\/wp-json\/wp\/v2\/media?parent=8264"}],"wp:term":[{"taxonomy":"category","embeddable":true,"href":"https:\/\/l2ep.univ-lille.fr\/en\/wp-json\/wp\/v2\/categories?post=8264"},{"taxonomy":"post_tag","embeddable":true,"href":"https:\/\/l2ep.univ-lille.fr\/en\/wp-json\/wp\/v2\/tags?post=8264"}],"curies":[{"name":"wp","href":"https:\/\/api.w.org\/{rel}","templated":true}]}}