{"id":8162,"date":"2024-03-11T11:05:47","date_gmt":"2024-03-11T10:05:47","guid":{"rendered":"https:\/\/l2ep.univ-lille.fr\/?p=8162"},"modified":"2024-03-11T11:06:37","modified_gmt":"2024-03-11T10:06:37","slug":"parution-douvrage-reseaux-denergie-et-batiments-intelligents-pour-la-transition-energetique-et-societale","status":"publish","type":"post","link":"https:\/\/l2ep.univ-lille.fr\/en\/parution-douvrage-reseaux-denergie-et-batiments-intelligents-pour-la-transition-energetique-et-societale\/","title":{"rendered":"Parution d\u2019ouvrage, R\u00e9seaux d\u2019\u00e9nergie et b\u00e2timents intelligents pour la transition \u00e9nerg\u00e9tique et soci\u00e9tale"},"content":{"rendered":"<div style=\"width: 640px; margin: auto;\">\n<p><img loading=\"lazy\" src=\"https:\/\/l2ep.univ-lille.fr\/wp-content\/uploads\/2024-03-11_11-01.png\" alt=\"\" width=\"222\" height=\"335\" class=\"wp-image-8163 alignleft\" srcset=\"https:\/\/l2ep.univ-lille.fr\/wp-content\/uploads\/2024-03-11_11-01.png 272w, https:\/\/l2ep.univ-lille.fr\/wp-content\/uploads\/2024-03-11_11-01-199x300.png 199w\" sizes=\"(max-width: 222px) 100vw, 222px\" \/><\/p>\n<p><strong>R\u00e9seaux d\u2019\u00e9nergie et b\u00e2timents intelligents pour la transition \u00e9nerg\u00e9tique et soci\u00e9tale<\/strong><\/p>\n<p>Beno\u00eet Robyns, Laure Dobigny,Dhaker Abbes, Benoit Durillon, Herv\u00e9 Barry, Christophe Saudemont<\/p>\n<p>ISBN: 978-1-78405-990-3<br \/>\n2023, 426 pages<\/p>\n<p><b>R\u00e9sum\u00e9<\/b><\/p>\n<p>Le monde et la plan\u00e8te terre connaissent une grave crise \u00e9cologique induite par une consommation \u00e9nerg\u00e9tique et mat\u00e9rielle effr\u00e9n\u00e9e des soci\u00e9t\u00e9s humaines, impactant le climat et la biodiversit\u00e9 de fa\u00e7on irr\u00e9versible.<\/p>\n<p>Le pr\u00e9sent ouvrage propose des approches interdisciplinaires pour amener les b\u00e2timents, les r\u00e9seaux d\u2019\u00e9nergie \u00e9lectrique, leurs usagers et acteurs \u00e0 contribuer \u00e0 la transition \u00e9nerg\u00e9tique et soci\u00e9tale. Il souligne l\u2019importance de questionner ensemble techniques, usages et imaginaires dans la mise en oeuvre des smart buildings et des smart grids. Les pr\u00e9visions de production et de consommation, la mod\u00e9lisation de l\u2019implication des acteurs, et l\u2019autoconsommation au sein d\u2019une communaut\u00e9 \u00e9nerg\u00e9tique renouvelable exploitant la technologie blockchain sont des exemples d\u00e9velopp\u00e9s en vue de favoriser l\u2019\u00e9mergence des smart grids. Les potentialit\u00e9s des smart buildings, prenant en compte le confort des usagers, tout en augmentant leur efficacit\u00e9 \u00e9nerg\u00e9tique sont identifi\u00e9s. Des d\u00e9monstrateurs \u00e0 \u00e9chelle r\u00e9elle permettent de tester les solutions propos\u00e9es, et l\u2019appropriation par les usagers des potentialit\u00e9s d\u2019effacement \u00e9lectrique.<\/p>\n<p><b>Table des mati\u00e8res<\/b><\/p>\n<p>Pr\u00e9face de Thierry Magnin : les technoscineces \u00e0 l\u2019heure de l\u2019urgence \u00e9cologique.<br \/>\nPr\u00e9face de Audrey Linkeheld : des smart grids et smart buildings exp\u00e9riment\u00e9s par une m\u00e9tropole.<\/p>\n<ol>\n<li>Des enjeux de la transition aux smart grids et smart buildings.<\/li>\n<li>Smart-grid, smart-building, smart-user : l\u2019imaginaire du \u00ab smart \u00bb et ses impasses.<\/li>\n<li>Pr\u00e9visions de production et de consommation d\u2019\u00e9nergie \u00e9lectrique.<\/li>\n<li>Prise en compte des acteurs dans les strat\u00e9gies de gestion \u00e9nerg\u00e9tiques.<\/li>\n<li>Supervision \u00e9nerg\u00e9tique d\u2019un smart grid r\u00e9sidentiel local int\u00e9grant l\u2019implication des\u00a0 acteurs.<\/li>\n<li>Autoconsommation au sein d\u2019une communaut\u00e9 \u00e9nerg\u00e9tique renouvelable locale.<\/li>\n<li>Un habitat durable et d\u00e9sirable gr\u00e2ce aux smart buildings.<\/li>\n<li>D\u00e9monstrateurs.<\/li>\n<\/ol>\n<p>Postface de Pierre Giorgini : \u00e9loge d\u2019une prosp\u2019active citoyenne.<\/p>\n<p class=\"western\"><strong>Auteurs<\/strong><\/p>\n<p class=\"western\"><strong>Beno\u00eet Robyns<\/strong> est Directeur de la Recherche \u00e0 Junia, et Vice-Pr\u00e9sident Transition \u00c9nerg\u00e9tique et Soci\u00e9tale de l\u2019Universit\u00e9 Catholique de Lille. Il est le Responsable de l\u2019\u00e9quipe RESEAUX du L2EP.<\/p>\n<p class=\"western\"><strong>Laure Dobigny<\/strong> est Ma\u00eetre de conf\u00e9rences en socio-anthropologie au laboratoire ETH+ &#8211; ETHICS de l\u2019Universit\u00e9 Catholique de Lille.<\/p>\n<p class=\"western\"><strong>Dhaker Abbes<\/strong> est professeur \u00e0 Junia Lille, et chercheur au L2EP.<\/p>\n<p class=\"western\"><strong>Benoit Durillon<\/strong> est enseignant-chercheur \u00e0 Junia Lille, et chercheur au L2EP.<\/p>\n<p class=\"western\"><strong>Herv\u00e9 Barry<\/strong> est sociologue au sein de la FGES de l\u2019Universit\u00e9 catholique de Lille, et membre du Laboratoire Interdisciplinaire des Transitions de Lille (LITL).<\/p>\n<p class=\"western\"><strong>Christophe Saudemont<\/strong> est professeur \u00e0 Junia Lille, et chercheur au L2EP.<\/p>\n<p class=\"western\"><a href=\"https:\/\/www.istegroup.com\/fr\/produit\/reseauxdenergie-et-batiments-intelligents-pour-latransition-energetique-et-societale\/\">https:\/\/www.istegroup.com\/fr\/produit\/reseauxdenergie-et-batiments-intelligents-pour-latransition-energetique-et-societale\/<\/a><\/p>\n<\/div>\n","protected":false},"excerpt":{"rendered":"<p>R\u00e9seaux d\u2019\u00e9nergie et b\u00e2timents intelligents pour la transition \u00e9nerg\u00e9tique et soci\u00e9tale Beno\u00eet Robyns, Laure Dobigny,Dhaker Abbes, Benoit Durillon, Herv\u00e9 Barry, Christophe Saudemont ISBN: 978-1-78405-990-3 2023, 426 pages R\u00e9sum\u00e9 Le monde et la plan\u00e8te terre connaissent une grave crise \u00e9cologique induite par une consommation \u00e9nerg\u00e9tique et mat\u00e9rielle effr\u00e9n\u00e9e des soci\u00e9t\u00e9s humaines, impactant le climat et la [&hellip;]<\/p>\n","protected":false},"author":8,"featured_media":0,"comment_status":"closed","ping_status":"closed","sticky":false,"template":"","format":"standard","meta":[],"categories":[1,18],"tags":[],"_links":{"self":[{"href":"https:\/\/l2ep.univ-lille.fr\/en\/wp-json\/wp\/v2\/posts\/8162"}],"collection":[{"href":"https:\/\/l2ep.univ-lille.fr\/en\/wp-json\/wp\/v2\/posts"}],"about":[{"href":"https:\/\/l2ep.univ-lille.fr\/en\/wp-json\/wp\/v2\/types\/post"}],"author":[{"embeddable":true,"href":"https:\/\/l2ep.univ-lille.fr\/en\/wp-json\/wp\/v2\/users\/8"}],"replies":[{"embeddable":true,"href":"https:\/\/l2ep.univ-lille.fr\/en\/wp-json\/wp\/v2\/comments?post=8162"}],"version-history":[{"count":2,"href":"https:\/\/l2ep.univ-lille.fr\/en\/wp-json\/wp\/v2\/posts\/8162\/revisions"}],"predecessor-version":[{"id":8165,"href":"https:\/\/l2ep.univ-lille.fr\/en\/wp-json\/wp\/v2\/posts\/8162\/revisions\/8165"}],"wp:attachment":[{"href":"https:\/\/l2ep.univ-lille.fr\/en\/wp-json\/wp\/v2\/media?parent=8162"}],"wp:term":[{"taxonomy":"category","embeddable":true,"href":"https:\/\/l2ep.univ-lille.fr\/en\/wp-json\/wp\/v2\/categories?post=8162"},{"taxonomy":"post_tag","embeddable":true,"href":"https:\/\/l2ep.univ-lille.fr\/en\/wp-json\/wp\/v2\/tags?post=8162"}],"curies":[{"name":"wp","href":"https:\/\/api.w.org\/{rel}","templated":true}]}}