{"id":7828,"date":"2023-03-05T15:08:00","date_gmt":"2023-03-05T14:08:00","guid":{"rendered":"https:\/\/l2ep.univ-lille.fr\/?p=7828"},"modified":"2023-05-02T08:18:24","modified_gmt":"2023-05-02T07:18:24","slug":"inscription-club-dinteret-electromobilite-opus-2-5-mai-2023","status":"publish","type":"post","link":"https:\/\/l2ep.univ-lille.fr\/en\/inscription-club-dinteret-electromobilite-opus-2-5-mai-2023\/","title":{"rendered":"INSCRIPTION &#8211; Club d&rsquo;int\u00e9r\u00eat \u00c9lectromobilit\u00e9 opus #2, 5 mai 2023"},"content":{"rendered":"<p><img loading=\"lazy\" src=\"https:\/\/l2ep.univ-lille.fr\/wp-content\/uploads\/2023-04-21_16-10.png\" alt=\"\" width=\"700\" height=\"93\" class=\"alignnone wp-image-7829 aligncenter\" srcset=\"https:\/\/l2ep.univ-lille.fr\/wp-content\/uploads\/2023-04-21_16-10.png 929w, https:\/\/l2ep.univ-lille.fr\/wp-content\/uploads\/2023-04-21_16-10-300x40.png 300w, https:\/\/l2ep.univ-lille.fr\/wp-content\/uploads\/2023-04-21_16-10-768x102.png 768w\" sizes=\"(max-width: 700px) 100vw, 700px\" \/><\/p>\n<div style=\"width: 700px; margin: auto; text-align: center;\"><strong><span style=\"font-size: medium; color: #f07e1c;\">INSCRIPTION &#8211; Club d&rsquo;int\u00e9r\u00eat \u00c9lectromobilit\u00e9 opus #2<\/span><\/strong><\/div>\n<div><\/div>\n<div style=\"text-align: center;\">\n<div style=\"width: 700px; margin: auto;\"><span style=\"color: initial;\"><span style=\"color: #f07e1c;\">Vendredi 5 mai 2023, 9h30 &#8211; 12h30<\/span><\/span><\/div>\n<div><\/div>\n<div style=\"width: 700px; margin: auto;\"><span style=\"color: initial;\"><\/span><span style=\"color: #f07e1c;\"><span style=\"color: initial;\"><span style=\"color: #f07e1c;\">L2EP, B\u00e2t. ESPRIT, campus cit\u00e9 scientifique<\/span><\/span><\/span><\/div>\n<\/div>\n<div style=\"width: 700px; margin: auto; text-align: center;\">\n<p style=\"text-align: left;\">Le second opus du club d\u2019int\u00e9r\u00eat i-Trans d\u00e9di\u00e9 \u00e0 l\u2019\u00e9lectromobilit\u00e9 le 5 mai prochain se d\u00e9roulera \u00e0 partir de 9h30 au L2EP (Laboratoire d&rsquo;\u00c9lectrotechnique et d&rsquo;\u00c9lectronique de Puissance de Lille)<br \/>\net par visioconf\u00e9rence Teams.<\/p>\n<p style=\"text-align: left;\">Le virage de l\u2019\u00e9lectromobilit\u00e9 est en cours et nous avons m\u00eame pass\u00e9 le point de corde !<\/p>\n<p style=\"text-align: left;\">C\u2019est pourquoi i-Trans, p\u00f4le de comp\u00e9titivit\u00e9 des mobilit\u00e9s d\u00e9carbon\u00e9es et connect\u00e9es, a lanc\u00e9 en 2023 son club d\u2019int\u00e9r\u00eat d\u00e9di\u00e9 \u00e0 cette th\u00e9matique porteuse d\u2019innovations pour tous les secteurs de la mobilit\u00e9.<\/p>\n<p style=\"text-align: left;\">Pour m\u00e9moire, ce nouveau club est une \u00e9volution du club \u00ab Cha\u00eene de Traction \u00c9lectrifi\u00e9e \u00bb (CTE). Cette \u00e9volution entre en accord avec les nouvelles orientations d\u2019i-Trans pour 2023-2026 (phase 5 des p\u00f4les de comp\u00e9titivit\u00e9) et avec les grands travaux en cours sur ce sujet au niveau de la r\u00e9gion Hauts-de-France, au niveau national (d\u00e9ploiement des usages, des mat\u00e9riels et des infrastructures ; appels \u00e0 projets \u00e9lectromobilit\u00e9\u2026) et au niveau europ\u00e9en (appels Horizon Europe, strat\u00e9gie de d\u00e9carbonation du syst\u00e8me de transport europ\u00e9en\u2026).<\/p>\n<p style=\"text-align: left;\">L\u2019inscription est obligatoire pour pouvoir vous rendre sur place ou pour obtenir un lien de connexion pour assister \u00e0 la r\u00e9union.<\/p>\n<p style=\"text-align: left;\">Si vous n\u2019\u00eates pas encore membre d\u2019i-TRANS merci de contacter <a href=\"mailto:jean-maxime.boulanger@i-trans.org\"><\/a><span style=\"color: #f07e1c;\"><a href=\"mailto:jean-maxime.boulanger@i-trans.org\"><span style=\"color: #f07e1c;\">jean-maxime.boulanger@i-trans.org<span style=\"color: #f07e1c;\"><\/span><span style=\"color: #f07e1c;\"><\/span><span style=\"color: #f07e1c;\"><\/span><\/span><\/a><\/span> et <a href=\"mailto:thibaut.gilliart@i-trans.org\"><span style=\"color: #f07e1c;\">thibaut.gilliart@i-trans.org<\/span><\/a> pour vous inscrire \u00e0 cet \u00e9v\u00e9nement<\/p>\n<p style=\"text-align: left;\"><strong><span style=\"color: #f07e1c;\">Au programme de la matin\u00e9e :<\/span><\/strong><\/p>\n<ul>\n<li style=\"text-align: left;\">09h30 &#8211; Accueil caf\u00e9<\/li>\n<li style=\"text-align: left;\">10h00\u00a0\u2013 <strong><span style=\"color: #f07e1c;\">Introduction<\/span><\/strong><br \/>\nPar Jean-Maxime BOULANGER et Thibaut GILLIART, secr\u00e9taires du club &amp; Cl\u00e9ment VANDINGENEN, responsable R&amp;D au CRITT M2A &amp; pilote du club<\/li>\n<li style=\"text-align: left;\">10h15 &#8211; <strong><span style=\"color: #f07e1c;\">Keynotes : pr\u00e9sentations de plusieurs solutions innovantes pour l\u2019\u00e9lectromobilit\u00e9<\/span><\/strong><br \/>\npar des membres du p\u00f4le i-Trans : Alstom \u2013 Mob-ion \u2013 Railenium \u2013 L2EP<\/li>\n<li style=\"text-align: left;\">12h00 &#8211; <strong><span style=\"color: #f07e1c;\">Visite de la plateforme \u00ab\u00a0Electricit\u00e9 et V\u00e9hicules e-V\u00a0\u00bb du L2EP<\/span><\/strong><br \/>\nCette plateforme de 150m\u00b2 a pour objectif la validation temps r\u00e9el de la gestion d\u2019\u00e9nergie pour de nouveaux concepts de v\u00e9hicules, pour des syst\u00e8mes de transport \u00e0 meilleur rendement et moins polluants.<br \/>\nPar Walter LHOMME, Ma\u00eetre de Conf\u00e9rences HdR &#8211; Universit\u00e9 de Lille &amp; copilote du club<br \/>\n(la visite ne sera possible que pour les personnes en pr\u00e9sentiel)<\/li>\n<li style=\"text-align: left;\">12h30\u00a0&#8211;<strong><span style=\"color: #f07e1c;\"> Fin de la r\u00e9union<\/span><\/strong><\/li>\n<\/ul>\n<\/div>\n<div style=\"width: 700px; margin: auto; text-align: center;\">\n<p align=\"center\"><span style=\"color: #ffffff;\"><span style=\"font-family: Helvetica;\"><span style=\"font-size: large;\">Club d&rsquo;int\u00e9r\u00eat \u00c9lectromobilit\u00e9 opus #2<\/span><\/span><\/span><\/p>\n<\/div>\n","protected":false},"excerpt":{"rendered":"<p>INSCRIPTION &#8211; Club d&rsquo;int\u00e9r\u00eat \u00c9lectromobilit\u00e9 opus #2 Vendredi 5 mai 2023, 9h30 &#8211; 12h30 L2EP, B\u00e2t. ESPRIT, campus cit\u00e9 scientifique Le second opus du club d\u2019int\u00e9r\u00eat i-Trans d\u00e9di\u00e9 \u00e0 l\u2019\u00e9lectromobilit\u00e9 le 5 mai prochain se d\u00e9roulera \u00e0 partir de 9h30 au L2EP (Laboratoire d&rsquo;\u00c9lectrotechnique et d&rsquo;\u00c9lectronique de Puissance de Lille) et par visioconf\u00e9rence Teams. Le [&hellip;]<\/p>\n","protected":false},"author":8,"featured_media":0,"comment_status":"closed","ping_status":"closed","sticky":false,"template":"","format":"standard","meta":[],"categories":[11,9],"tags":[],"_links":{"self":[{"href":"https:\/\/l2ep.univ-lille.fr\/en\/wp-json\/wp\/v2\/posts\/7828"}],"collection":[{"href":"https:\/\/l2ep.univ-lille.fr\/en\/wp-json\/wp\/v2\/posts"}],"about":[{"href":"https:\/\/l2ep.univ-lille.fr\/en\/wp-json\/wp\/v2\/types\/post"}],"author":[{"embeddable":true,"href":"https:\/\/l2ep.univ-lille.fr\/en\/wp-json\/wp\/v2\/users\/8"}],"replies":[{"embeddable":true,"href":"https:\/\/l2ep.univ-lille.fr\/en\/wp-json\/wp\/v2\/comments?post=7828"}],"version-history":[{"count":2,"href":"https:\/\/l2ep.univ-lille.fr\/en\/wp-json\/wp\/v2\/posts\/7828\/revisions"}],"predecessor-version":[{"id":7832,"href":"https:\/\/l2ep.univ-lille.fr\/en\/wp-json\/wp\/v2\/posts\/7828\/revisions\/7832"}],"wp:attachment":[{"href":"https:\/\/l2ep.univ-lille.fr\/en\/wp-json\/wp\/v2\/media?parent=7828"}],"wp:term":[{"taxonomy":"category","embeddable":true,"href":"https:\/\/l2ep.univ-lille.fr\/en\/wp-json\/wp\/v2\/categories?post=7828"},{"taxonomy":"post_tag","embeddable":true,"href":"https:\/\/l2ep.univ-lille.fr\/en\/wp-json\/wp\/v2\/tags?post=7828"}],"curies":[{"name":"wp","href":"https:\/\/api.w.org\/{rel}","templated":true}]}}