{"id":7614,"date":"2022-12-13T14:48:00","date_gmt":"2022-12-13T13:48:00","guid":{"rendered":"https:\/\/l2ep.univ-lille.fr\/?p=7614"},"modified":"2023-01-03T15:09:39","modified_gmt":"2023-01-03T14:09:39","slug":"ecole-dhiver-methode-des-elements-finis-appliquee-aux-dispositifs-basse-frequence-13-16-fev-2023","status":"publish","type":"post","link":"https:\/\/l2ep.univ-lille.fr\/en\/ecole-dhiver-methode-des-elements-finis-appliquee-aux-dispositifs-basse-frequence-13-16-fev-2023\/","title":{"rendered":"\u00c9cole d&rsquo;hiver, \u00ab\u00a0M\u00e9thode des El\u00e9ments Finis appliqu\u00e9e aux Dispositifs Basse Fr\u00e9quence\u00a0\u00bb, 13-16 F\u00e9v. 2023."},"content":{"rendered":"<div style=\"width: 700px; margin: auto;\">\n<p>L&rsquo;\u00e9quipe OMN co-organise une \u00e9cole d\u2019hiver doctorale sur la \u00ab\u00a0<strong><span style=\"color: #f07e1c;\">M\u00e9thode des El\u00e9ments Finis appliqu\u00e9e aux Dispositifs Basse Fr\u00e9quence<\/span><\/strong>\u00ab\u00a0.<\/p>\n<p>Cette \u00e9cole est co-rganis\u00e9e par Guillaume WASSELYNCK (IREENA), Innocent Niyonzima (G2elab) et Zuqi Tang (L2EP).<\/p>\n<p>Elle aura lieu du 13 au 16 f\u00e9vrier 2023 \u00e0 Saint-Nazaire.<\/p>\n<div id=\"attachment_7616\" style=\"width: 260px\" class=\"wp-caption aligncenter\"><a href=\"https:\/\/l2ep.univ-lille.fr\/wp-content\/uploads\/Flyer_Ecole_Hiver.pdf\"><img aria-describedby=\"caption-attachment-7616\" loading=\"lazy\" src=\"https:\/\/l2ep.univ-lille.fr\/wp-content\/uploads\/2023-01-03_15-03.png\" alt=\"\" width=\"250\" height=\"138\" class=\"wp-image-7616\" srcset=\"https:\/\/l2ep.univ-lille.fr\/wp-content\/uploads\/2023-01-03_15-03.png 498w, https:\/\/l2ep.univ-lille.fr\/wp-content\/uploads\/2023-01-03_15-03-300x166.png 300w\" sizes=\"(max-width: 250px) 100vw, 250px\" \/><\/a><p id=\"caption-attachment-7616\" class=\"wp-caption-text\"><\/span> Flyer<\/p><\/div>\n<\/div>\n","protected":false},"excerpt":{"rendered":"<p>L&rsquo;\u00e9quipe OMN co-organise une \u00e9cole d\u2019hiver doctorale sur la \u00ab\u00a0M\u00e9thode des El\u00e9ments Finis appliqu\u00e9e aux Dispositifs Basse Fr\u00e9quence\u00ab\u00a0. Cette \u00e9cole est co-rganis\u00e9e par Guillaume WASSELYNCK (IREENA), Innocent Niyonzima (G2elab) et Zuqi Tang (L2EP). Elle aura lieu du 13 au 16 f\u00e9vrier 2023 \u00e0 Saint-Nazaire.<\/p>\n","protected":false},"author":8,"featured_media":0,"comment_status":"closed","ping_status":"closed","sticky":false,"template":"","format":"standard","meta":[],"categories":[34,37],"tags":[],"_links":{"self":[{"href":"https:\/\/l2ep.univ-lille.fr\/en\/wp-json\/wp\/v2\/posts\/7614"}],"collection":[{"href":"https:\/\/l2ep.univ-lille.fr\/en\/wp-json\/wp\/v2\/posts"}],"about":[{"href":"https:\/\/l2ep.univ-lille.fr\/en\/wp-json\/wp\/v2\/types\/post"}],"author":[{"embeddable":true,"href":"https:\/\/l2ep.univ-lille.fr\/en\/wp-json\/wp\/v2\/users\/8"}],"replies":[{"embeddable":true,"href":"https:\/\/l2ep.univ-lille.fr\/en\/wp-json\/wp\/v2\/comments?post=7614"}],"version-history":[{"count":3,"href":"https:\/\/l2ep.univ-lille.fr\/en\/wp-json\/wp\/v2\/posts\/7614\/revisions"}],"predecessor-version":[{"id":7619,"href":"https:\/\/l2ep.univ-lille.fr\/en\/wp-json\/wp\/v2\/posts\/7614\/revisions\/7619"}],"wp:attachment":[{"href":"https:\/\/l2ep.univ-lille.fr\/en\/wp-json\/wp\/v2\/media?parent=7614"}],"wp:term":[{"taxonomy":"category","embeddable":true,"href":"https:\/\/l2ep.univ-lille.fr\/en\/wp-json\/wp\/v2\/categories?post=7614"},{"taxonomy":"post_tag","embeddable":true,"href":"https:\/\/l2ep.univ-lille.fr\/en\/wp-json\/wp\/v2\/tags?post=7614"}],"curies":[{"name":"wp","href":"https:\/\/api.w.org\/{rel}","templated":true}]}}