{"id":7517,"date":"2022-09-30T10:36:00","date_gmt":"2022-09-30T09:36:00","guid":{"rendered":"https:\/\/l2ep.univ-lille.fr\/?p=7517"},"modified":"2022-11-09T10:39:54","modified_gmt":"2022-11-09T09:39:54","slug":"soutenance-de-these-florentin-salomez-30-novembre-2022","status":"publish","type":"post","link":"https:\/\/l2ep.univ-lille.fr\/en\/soutenance-de-these-florentin-salomez-30-novembre-2022\/","title":{"rendered":"Soutenance de th\u00e8se, Florentin SALOMEZ, 30 novembre 2022"},"content":{"rendered":"<div style=\"width: 700px; margin: auto;\">\n<p style=\"text-align: center;\"><strong><span style=\"color: #f07e1c;\"><b><span>Mod\u00e9lisation des effets capacitifs des bobines simple couche et choix du mat\u00e9riau magn\u00e9tique du noyau pour le dimensionnement des filtres CEM<\/span><\/b><\/span><\/strong><\/p>\n<p style=\"text-align: center;\"><strong><span style=\"color: #f07e1c;\"><\/span><\/strong><span style=\"color: #f07e1c;\">Le mercredi 30 novembre 2022\u00a0 \u00e0 10h00,<\/span><span style=\"color: #f07e1c;\"><span style=\"color: #f07e1c;\">\u00a0<\/span>Amphith\u00e9\u00e2tre Atrium au rez-de-chauss\u00e9e du B\u00e2t. ESPRIT,\u00a0Avenue Henri Poincar\u00e9\u00a059655 Villeneuve d\u2019Ascq, France<\/span><\/p>\n<p><strong><span style=\"color: #f07e1c;\">R\u00e9sum\u00e9 :<\/span><\/strong><\/p>\n<p>Le sujet de th\u00e8se porte sur l\u2019\u00e9tude des composants magn\u00e9tiques utilis\u00e9s dans les filtres de perturbations \u00e9lectromagn\u00e9tiques des convertisseurs d\u2019\u00e9lectronique de puissance. Il est bien connu que les convertisseurs statiques sont des sources de perturbations conduites qu\u2019il faut r\u00e9duire afin de respecter les normes de compatibilit\u00e9 \u00e9lectromagn\u00e9tique (CEM). Une des solutions couramment utilis\u00e9e pour r\u00e9duire ces perturbations est l\u2019installation de filtres CEM entre le convertisseur et le r\u00e9seau \u00e9lectrique. La premi\u00e8re partie du manuscrit est d\u00e9di\u00e9e \u00e0 la pr\u00e9sentation du contexte de la th\u00e8se, avec la probl\u00e9matique de la CEM et les solutions de filtrage. Dans la seconde partie, nous pr\u00e9sentons la mod\u00e9lisation de l\u2019imp\u00e9dance de la bobine de mode commun du filtre CEM, avec la prise en compte des comportements \u00e0 haute fr\u00e9quence, pour son dimensionnement. Ainsi, un mod\u00e8le des propri\u00e9t\u00e9s magn\u00e9tiques bas\u00e9 sur l\u2019\u00e9quation de Debye\u00a0est propos\u00e9, auquel est ajout\u00e9 pour les ferrites, de type Mn-Zn, un mod\u00e8le de capacit\u00e9 mat\u00e9riau d\u2019ordre fractionnaire. Dans la troisi\u00e8me partie, la capacit\u00e9 parall\u00e8le \u00e9quivalente (CPE) est calcul\u00e9e \u00e0 partir des capacit\u00e9s \u00e9l\u00e9mentaires, tore-spire et inter-spires, d\u00e9termin\u00e9es par la m\u00e9thode des \u00e9l\u00e9ments finis en deux dimensions, en tenant compte de la courbure des spires. Dans la derni\u00e8re partie, le mod\u00e8le de l\u2019imp\u00e9dance de la bobine de mode commun est utilis\u00e9 pour le dimensionnement d\u2019un filtre de mode commun. Les r\u00e9sultats obtenus montrent que la conception \u00e0 l\u2019aide des mod\u00e8les propos\u00e9s permet l\u2019optimisation du volume de la bobine. Finalement, l\u2019application de cette m\u00e9thode a permis de d\u00e9finir un indicateur permettant le choix du mat\u00e9riau magn\u00e9tique qui minimise le volume de la bobine.<span style=\"font-size: revert; color: initial;\"><span><\/span><\/span><\/p>\n<p><strong><span style=\"color: #f07e1c;\">Mots clefs :\u00a0<\/span><\/strong><\/p>\n<p>\u00e9lectronique de puissance, compatibilit\u00e9 \u00e9lectromagn\u00e9tique, filtre CEM, bobine de mode\u00a0commun, capacit\u00e9s parasites, optimisation du volume<\/p>\n<div><\/div>\n<\/div>\n","protected":false},"excerpt":{"rendered":"<p>Mod\u00e9lisation des effets capacitifs des bobines simple couche et choix du mat\u00e9riau magn\u00e9tique du noyau pour le dimensionnement des filtres CEM Le mercredi 30 novembre 2022\u00a0 \u00e0 10h00,\u00a0Amphith\u00e9\u00e2tre Atrium au rez-de-chauss\u00e9e du B\u00e2t. ESPRIT,\u00a0Avenue Henri Poincar\u00e9\u00a059655 Villeneuve d\u2019Ascq, France R\u00e9sum\u00e9 : Le sujet de th\u00e8se porte sur l\u2019\u00e9tude des composants magn\u00e9tiques utilis\u00e9s dans les filtres [&hellip;]<\/p>\n","protected":false},"author":8,"featured_media":0,"comment_status":"closed","ping_status":"closed","sticky":false,"template":"","format":"standard","meta":[],"categories":[16,3],"tags":[],"_links":{"self":[{"href":"https:\/\/l2ep.univ-lille.fr\/en\/wp-json\/wp\/v2\/posts\/7517"}],"collection":[{"href":"https:\/\/l2ep.univ-lille.fr\/en\/wp-json\/wp\/v2\/posts"}],"about":[{"href":"https:\/\/l2ep.univ-lille.fr\/en\/wp-json\/wp\/v2\/types\/post"}],"author":[{"embeddable":true,"href":"https:\/\/l2ep.univ-lille.fr\/en\/wp-json\/wp\/v2\/users\/8"}],"replies":[{"embeddable":true,"href":"https:\/\/l2ep.univ-lille.fr\/en\/wp-json\/wp\/v2\/comments?post=7517"}],"version-history":[{"count":1,"href":"https:\/\/l2ep.univ-lille.fr\/en\/wp-json\/wp\/v2\/posts\/7517\/revisions"}],"predecessor-version":[{"id":7518,"href":"https:\/\/l2ep.univ-lille.fr\/en\/wp-json\/wp\/v2\/posts\/7517\/revisions\/7518"}],"wp:attachment":[{"href":"https:\/\/l2ep.univ-lille.fr\/en\/wp-json\/wp\/v2\/media?parent=7517"}],"wp:term":[{"taxonomy":"category","embeddable":true,"href":"https:\/\/l2ep.univ-lille.fr\/en\/wp-json\/wp\/v2\/categories?post=7517"},{"taxonomy":"post_tag","embeddable":true,"href":"https:\/\/l2ep.univ-lille.fr\/en\/wp-json\/wp\/v2\/tags?post=7517"}],"curies":[{"name":"wp","href":"https:\/\/api.w.org\/{rel}","templated":true}]}}