{"id":7204,"date":"2022-01-02T09:23:00","date_gmt":"2022-01-02T08:23:00","guid":{"rendered":"https:\/\/l2ep.univ-lille.fr\/?p=7204"},"modified":"2022-05-17T09:26:30","modified_gmt":"2022-05-17T08:26:30","slug":"comite-de-suivi-ce2i-2-mars-2022","status":"publish","type":"post","link":"https:\/\/l2ep.univ-lille.fr\/en\/comite-de-suivi-ce2i-2-mars-2022\/","title":{"rendered":"Comit\u00e9 de suivi CE2I, 2 Mars 2022"},"content":{"rendered":"<div style=\"width: 700px; margin: auto;\">\n<p><img loading=\"lazy\" src=\"https:\/\/l2ep.univ-lille.fr\/wp-content\/uploads\/2022-03-01_09-15.png\" alt=\"\" width=\"791\" height=\"118\" class=\"aligncenter size-full wp-image-7208\" srcset=\"https:\/\/l2ep.univ-lille.fr\/wp-content\/uploads\/2022-03-01_09-15.png 791w, https:\/\/l2ep.univ-lille.fr\/wp-content\/uploads\/2022-03-01_09-15-300x45.png 300w, https:\/\/l2ep.univ-lille.fr\/wp-content\/uploads\/2022-03-01_09-15-768x115.png 768w\" sizes=\"(max-width: 791px) 100vw, 791px\" \/><\/p>\n<p style=\"text-align: center;\"><strong><span style=\"font-size: medium; color: #f07e1c;\">Ordre du jour du comit\u00e9 de suivi CE2I, Mercredi 2 Mars 2022<\/span><\/strong><\/p>\n<p style=\"text-align: center;\"><strong><span style=\"font-size: medium; color: #f07e1c;\">\u00c0 l\u2019Universit\u00e9 de Lille, Villeneuve d\u2019Ascq, ESPRIT, salle ATRIUM et en ligne (contacter <a href=\"https:\/\/l2ep.univ-lille.fr\/fiche-individuelle\/?var=1854\"><span style=\"font-size: medium; color: #f07e1c;\">Amandine LEPOUTRE<\/span><\/a> pour le lien)<\/span><\/strong><\/p>\n<p><img loading=\"lazy\" src=\"https:\/\/l2ep.univ-lille.fr\/wp-content\/uploads\/logoce2i.png\" alt=\"\" width=\"336\" height=\"179\" class=\"aligncenter size-full wp-image-6554\" srcset=\"https:\/\/l2ep.univ-lille.fr\/wp-content\/uploads\/logoce2i.png 336w, https:\/\/l2ep.univ-lille.fr\/wp-content\/uploads\/logoce2i-300x160.png 300w\" sizes=\"(max-width: 336px) 100vw, 336px\" \/><\/p>\n<ul>\n<li><span style=\"color: #f07e1c;\"><strong><span style=\"color: #f07e1c;\">9h00 Introduction g\u00e9n\u00e9rale<\/span><\/strong><\/span> Betty SEMAIL<\/li>\n<li><strong><span style=\"color: #f07e1c;\">9h10 Review t\u00e2che 1 :&nbsp;<\/span><\/strong>Nadir IDIR\n<ul>\n<li>Conception du convertisseur int\u00e9gr\u00e9 avec des transistors GaN en parall\u00e8le<\/li>\n<li>Discussion<\/li>\n<\/ul>\n<\/li>\n<li><strong><span style=\"color: #f07e1c;\">9h20 Review t\u00e2che 2 :&nbsp;<\/span><\/strong>Hailong WU\n<ul>\n<li>Point sur les essais des deux prototypes CE2I MHYGALE et MI1<\/li>\n<li>Discussion<\/li>\n<\/ul>\n<\/li>\n<li><strong><span style=\"color: #f07e1c;\">10h05 Review t\u00e2che 5 :&nbsp;<\/span><\/strong>Riad BOUBAKER\n<ul>\n<li>Conception et r\u00e9alisation des syst\u00e8mes de refroidissement du d\u00e9monstrateur\n<ul>\n<li>Essais thermiques sur le prototype 1<\/li>\n<\/ul>\n<\/li>\n<li>Discussion<\/li>\n<\/ul>\n<\/li>\n<li><strong><span style=\"color: #f07e1c;\">10h50 Pause<\/span><\/strong><\/li>\n<li><strong><span style=\"color: #f07e1c;\">11h20 Review t\u00e2che 7 : <\/span><\/strong>Rapha\u00ebl ROMARY, Romain COUSSEAU\n<ul>\n<li>Bilan d\u2019avancement des d\u00e9monstrateurs<\/li>\n<li>Discussion<\/li>\n<\/ul>\n<\/li>\n<li><strong><span style=\"color: #f07e1c;\">12h05 Images du groupe (film CE2I)<\/span><\/strong><\/li>\n<li><strong><span style=\"color: #f07e1c;\">13h00 Repas<\/span><\/strong><\/li>\n<li><strong><span style=\"color: #f07e1c;\">14h00 Review t\u00e2che 6 : <\/span><\/strong>Kaibo LI\n<ul>\n<li>Summary of the work, recent progress and perspectives<\/li>\n<li>Discussion<\/li>\n<\/ul>\n<\/li>\n<li><strong><span style=\"color: #f07e1c;\">14h30 Review t\u00e2che 4 : <\/span><\/strong>Nidhal BEN HASSINE\n<ul>\n<li>Mod\u00e9lisation et simulation a\u00e9raulique de la machine CE2I<\/li>\n<li>Discussion<\/li>\n<\/ul>\n<\/li>\n<li><strong><span style=\"color: #f07e1c;\">15h15 Carbon Care : <\/span><\/strong>Amandine LEPOUTRE<\/li>\n<li><strong><span style=\"color: #f07e1c;\">15h35 <\/span><\/strong><span style=\"color: #000000;\">Fin du comit\u00e9 de suivi<\/span><\/li>\n<\/ul>\n<p><img loading=\"lazy\" src=\"https:\/\/l2ep.univ-lille.fr\/wp-content\/uploads\/2022-03-01_09-25.png\" alt=\"\" width=\"987\" height=\"78\" class=\"aligncenter size-full wp-image-7210\" srcset=\"https:\/\/l2ep.univ-lille.fr\/wp-content\/uploads\/2022-03-01_09-25.png 987w, https:\/\/l2ep.univ-lille.fr\/wp-content\/uploads\/2022-03-01_09-25-300x24.png 300w, https:\/\/l2ep.univ-lille.fr\/wp-content\/uploads\/2022-03-01_09-25-768x61.png 768w\" sizes=\"(max-width: 987px) 100vw, 987px\" \/><\/p>\n<\/div>\n","protected":false},"excerpt":{"rendered":"<p>Ordre du jour du comit\u00e9 de suivi CE2I, Mercredi 2 Mars 2022 \u00c0 l\u2019Universit\u00e9 de Lille, Villeneuve d\u2019Ascq, ESPRIT, salle ATRIUM et en ligne (contacter Amandine LEPOUTRE pour le lien) 9h00 Introduction g\u00e9n\u00e9rale Betty SEMAIL 9h10 Review t\u00e2che 1 :&nbsp;Nadir IDIR Conception du convertisseur int\u00e9gr\u00e9 avec des transistors GaN en parall\u00e8le Discussion 9h20 Review t\u00e2che [&hellip;]<\/p>\n","protected":false},"author":8,"featured_media":0,"comment_status":"closed","ping_status":"closed","sticky":false,"template":"","format":"standard","meta":[],"categories":[1],"tags":[],"_links":{"self":[{"href":"https:\/\/l2ep.univ-lille.fr\/en\/wp-json\/wp\/v2\/posts\/7204"}],"collection":[{"href":"https:\/\/l2ep.univ-lille.fr\/en\/wp-json\/wp\/v2\/posts"}],"about":[{"href":"https:\/\/l2ep.univ-lille.fr\/en\/wp-json\/wp\/v2\/types\/post"}],"author":[{"embeddable":true,"href":"https:\/\/l2ep.univ-lille.fr\/en\/wp-json\/wp\/v2\/users\/8"}],"replies":[{"embeddable":true,"href":"https:\/\/l2ep.univ-lille.fr\/en\/wp-json\/wp\/v2\/comments?post=7204"}],"version-history":[{"count":3,"href":"https:\/\/l2ep.univ-lille.fr\/en\/wp-json\/wp\/v2\/posts\/7204\/revisions"}],"predecessor-version":[{"id":7307,"href":"https:\/\/l2ep.univ-lille.fr\/en\/wp-json\/wp\/v2\/posts\/7204\/revisions\/7307"}],"wp:attachment":[{"href":"https:\/\/l2ep.univ-lille.fr\/en\/wp-json\/wp\/v2\/media?parent=7204"}],"wp:term":[{"taxonomy":"category","embeddable":true,"href":"https:\/\/l2ep.univ-lille.fr\/en\/wp-json\/wp\/v2\/categories?post=7204"},{"taxonomy":"post_tag","embeddable":true,"href":"https:\/\/l2ep.univ-lille.fr\/en\/wp-json\/wp\/v2\/tags?post=7204"}],"curies":[{"name":"wp","href":"https:\/\/api.w.org\/{rel}","templated":true}]}}