{"id":6942,"date":"2021-08-30T13:34:08","date_gmt":"2021-08-30T12:34:08","guid":{"rendered":"https:\/\/l2ep.univ-lille.fr\/?p=6942"},"modified":"2021-08-30T13:37:32","modified_gmt":"2021-08-30T12:37:32","slug":"journee-des-doctorants-de-1ere-annee-24-sept-2021","status":"publish","type":"post","link":"https:\/\/l2ep.univ-lille.fr\/en\/journee-des-doctorants-de-1ere-annee-24-sept-2021\/","title":{"rendered":"Journ\u00e9e des doctorants de 1\u00e8re ann\u00e9e, 24 Sept. 2021"},"content":{"rendered":"<div style=\"width: 700px; margin: auto;\">\n<p style=\"text-align: center;\"><strong><span style=\"font-size: medium; color: #f07e1c;\">Journ\u00e9e des doctorants de 1\u00e8re ann\u00e9e<\/span><\/strong><\/p>\n<p style=\"text-align: center;\"><span style=\"color: #f07e1c;\">Vendredi 24 Septembre 2021, 8h30 <\/span><\/p>\n<p style=\"text-align: center;\"><span style=\"color: #f07e1c;\">Arts et M\u00e9tiers Paris&rsquo;Tech<\/span><\/p>\n<p style=\"text-align: center;\">Le programme est disponible\u00a0<a href=\"https:\/\/l2ep.univ-lille.fr\/wp-content\/uploads\/Planning-de-passage-pour-le-24.09.pdf\"><span style=\"color: #f07e1c;\">ici<\/span><\/a>.<\/p>\n<\/div>\n","protected":false},"excerpt":{"rendered":"<p>Journ\u00e9e des doctorants de 1\u00e8re ann\u00e9e Vendredi 24 Septembre 2021, 8h30 Arts et M\u00e9tiers Paris&rsquo;Tech Le programme est disponible\u00a0ici.<\/p>\n","protected":false},"author":8,"featured_media":0,"comment_status":"closed","ping_status":"closed","sticky":false,"template":"","format":"standard","meta":[],"categories":[1],"tags":[],"_links":{"self":[{"href":"https:\/\/l2ep.univ-lille.fr\/en\/wp-json\/wp\/v2\/posts\/6942"}],"collection":[{"href":"https:\/\/l2ep.univ-lille.fr\/en\/wp-json\/wp\/v2\/posts"}],"about":[{"href":"https:\/\/l2ep.univ-lille.fr\/en\/wp-json\/wp\/v2\/types\/post"}],"author":[{"embeddable":true,"href":"https:\/\/l2ep.univ-lille.fr\/en\/wp-json\/wp\/v2\/users\/8"}],"replies":[{"embeddable":true,"href":"https:\/\/l2ep.univ-lille.fr\/en\/wp-json\/wp\/v2\/comments?post=6942"}],"version-history":[{"count":5,"href":"https:\/\/l2ep.univ-lille.fr\/en\/wp-json\/wp\/v2\/posts\/6942\/revisions"}],"predecessor-version":[{"id":6949,"href":"https:\/\/l2ep.univ-lille.fr\/en\/wp-json\/wp\/v2\/posts\/6942\/revisions\/6949"}],"wp:attachment":[{"href":"https:\/\/l2ep.univ-lille.fr\/en\/wp-json\/wp\/v2\/media?parent=6942"}],"wp:term":[{"taxonomy":"category","embeddable":true,"href":"https:\/\/l2ep.univ-lille.fr\/en\/wp-json\/wp\/v2\/categories?post=6942"},{"taxonomy":"post_tag","embeddable":true,"href":"https:\/\/l2ep.univ-lille.fr\/en\/wp-json\/wp\/v2\/tags?post=6942"}],"curies":[{"name":"wp","href":"https:\/\/api.w.org\/{rel}","templated":true}]}}