{"id":6870,"date":"2021-05-19T14:19:38","date_gmt":"2021-05-19T13:19:38","guid":{"rendered":"https:\/\/l2ep.univ-lille.fr\/?p=6870"},"modified":"2021-06-11T09:45:20","modified_gmt":"2021-06-11T08:45:20","slug":"seminaire-des-doctorants-et-plus-4-juin-2021","status":"publish","type":"post","link":"https:\/\/l2ep.univ-lille.fr\/en\/seminaire-des-doctorants-et-plus-4-juin-2021\/","title":{"rendered":"S\u00e9minaire des doctorants et plus, 11 juin 2021"},"content":{"rendered":"<div style=\"width: 700px; margin: auto;\">\n<p style=\"text-align: center;\"><strong><span style=\"font-size: medium; color: #f07e1c;\">S\u00e9minaire doctorants<\/span><\/strong><\/p>\n<p style=\"text-align: center;\">Vendredi 11 juin 2021, 14h &#8211; 15h30<\/p>\n<p><strong><span style=\"color: #f07e1c;\">Programme\u00a0<\/span><\/strong><\/p>\n<ul>\n<li><a href=\"https:\/\/l2ep.univ-lille.fr\/fiche-individuelle\/?var=2162\"><span style=\"color: #f07e1c;\">Y. Chen<\/span><\/a> et <a href=\"https:\/\/l2ep.univ-lille.fr\/fiche-individuelle\/?var=2161\"><span style=\"color: #f07e1c;\">E. M. Sales De Castro<\/span><\/a>, \u00e9quipe Commande\n<p><strong>Les bases de la pr\u00e9paration d\u2019un protocole exp\u00e9rimental \u00e9thique<\/strong><\/p>\n<p style=\"text-align: justify;\">Dans la recherche, le besoin de participation humaine est courant, notamment pour le d\u00e9veloppement\u00a0et l&rsquo;optimisation des produits, ou le recueil de donn\u00e9es \u00e0 travers des sondages. Certaines r\u00e8gles sont \u00e0\u00a0respecter comme l\u2019anonymisation des donn\u00e9es, le recueil du consentement, le droit de retrait\u2026 Des\u00a0organismes tels que le CER (Comit\u00e9 d\u2019 \u00c9tiques pour la Recherche) \u00e0 l\u2019Universit\u00e9 de Lille sont\u00a0responsables d\u2019\u00e9valuer la s\u00e9curit\u00e9 et la rigueur des protocoles. Les d\u00e9marches pour obtenir une\u00a0approbation \u00e9thique sont compliqu\u00e9es et chronophages. Cette pr\u00e9sentation a pour but au travers de\u00a0notre exemple, li\u00e9 au th\u00e9matique de recherche de l\u2019Ircica sur la caract\u00e9risation de la peau, de vous\u00a0donner les cl\u00e9s et les bonnes pratiques pour r\u00e9ussir votre pr\u00e9paration d\u2019un protocole \u00e9thique.<\/p>\n<\/li>\n<li><a href=\"https:\/\/l2ep.univ-lille.fr\/fiche-individuelle\/?var=2238\"><span style=\"color: #f07e1c;\">L. Francisco Sousa Alves<\/span><\/a>, \u00e9quipe Electronique de Puissance\n<p><strong>Introduction aux transistors \u00e0 large bande interdite<\/strong><\/p>\n<p style=\"text-align: justify;\">Les transistors \u00e0 large bande interdite sont de plus en plus incontournables gr\u00e2ce \u00e0 leurs\u00a0caract\u00e9ristiques sup\u00e9rieures en comparaison des transistors Silicium plus classiques.\u00a0Un des avantages majeurs des transistors \u00e0 large bande interdite est la forte r\u00e9duction des pertes par\u00a0commutations. En effet prenez par exemple un interrupteur qui change de l\u2019\u00e9tat ferm\u00e9 (ON) \u00e0 ouvert\u00a0(OFF). Cela prend une certaine dur\u00e9e pendant laquelle de l\u2019\u00e9nergie est perdue. L\u2019objectif premier de\u00a0ces nouveaux transistors est alors de commut\u00e9 le plus vite possible pour r\u00e9duire les pertes et\u00a0augmenter l\u2019efficacit\u00e9 du transistor.<\/p>\n<\/li>\n<\/ul>\n<\/div>\n","protected":false},"excerpt":{"rendered":"<p>S\u00e9minaire doctorants Vendredi 11 juin 2021, 14h &#8211; 15h30 Programme\u00a0 Y. Chen et E. M. Sales De Castro, \u00e9quipe Commande Les bases de la pr\u00e9paration d\u2019un protocole exp\u00e9rimental \u00e9thique Dans la recherche, le besoin de participation humaine est courant, notamment pour le d\u00e9veloppement\u00a0et l&rsquo;optimisation des produits, ou le recueil de donn\u00e9es \u00e0 travers des sondages. [&hellip;]<\/p>\n","protected":false},"author":8,"featured_media":0,"comment_status":"closed","ping_status":"closed","sticky":false,"template":"","format":"standard","meta":[],"categories":[43,37],"tags":[],"_links":{"self":[{"href":"https:\/\/l2ep.univ-lille.fr\/en\/wp-json\/wp\/v2\/posts\/6870"}],"collection":[{"href":"https:\/\/l2ep.univ-lille.fr\/en\/wp-json\/wp\/v2\/posts"}],"about":[{"href":"https:\/\/l2ep.univ-lille.fr\/en\/wp-json\/wp\/v2\/types\/post"}],"author":[{"embeddable":true,"href":"https:\/\/l2ep.univ-lille.fr\/en\/wp-json\/wp\/v2\/users\/8"}],"replies":[{"embeddable":true,"href":"https:\/\/l2ep.univ-lille.fr\/en\/wp-json\/wp\/v2\/comments?post=6870"}],"version-history":[{"count":7,"href":"https:\/\/l2ep.univ-lille.fr\/en\/wp-json\/wp\/v2\/posts\/6870\/revisions"}],"predecessor-version":[{"id":6891,"href":"https:\/\/l2ep.univ-lille.fr\/en\/wp-json\/wp\/v2\/posts\/6870\/revisions\/6891"}],"wp:attachment":[{"href":"https:\/\/l2ep.univ-lille.fr\/en\/wp-json\/wp\/v2\/media?parent=6870"}],"wp:term":[{"taxonomy":"category","embeddable":true,"href":"https:\/\/l2ep.univ-lille.fr\/en\/wp-json\/wp\/v2\/categories?post=6870"},{"taxonomy":"post_tag","embeddable":true,"href":"https:\/\/l2ep.univ-lille.fr\/en\/wp-json\/wp\/v2\/tags?post=6870"}],"curies":[{"name":"wp","href":"https:\/\/api.w.org\/{rel}","templated":true}]}}