{"id":6795,"date":"2021-06-22T13:37:47","date_gmt":"2021-06-22T12:37:47","guid":{"rendered":"https:\/\/l2ep.univ-lille.fr\/?p=6795"},"modified":"2021-06-24T13:51:34","modified_gmt":"2021-06-24T12:51:34","slug":"economie-circulaire-et-eco-conception-en-genie-electrique-30-juin-2021","status":"publish","type":"post","link":"https:\/\/l2ep.univ-lille.fr\/en\/economie-circulaire-et-eco-conception-en-genie-electrique-30-juin-2021\/","title":{"rendered":"Economie circulaire et \u00e9co-conception\u00a0en G\u00e9nie Electrique, 30 juin 2021"},"content":{"rendered":"<p style=\"text-align: center;\">S\u00e9minaire\/Webinaire<\/p>\n<p style=\"text-align: center;\"><strong><span style=\"font-size: medium; color: #f07e1c;\">\u00a0\u00ab Economie circulaire et \u00e9co-conception\u00a0en G\u00e9nie Electrique \u00bb<\/span><\/strong><\/p>\n<p style=\"text-align: center;\"><span style=\"color: #f07e1c;\">30 juin 2021, 14h<\/span><\/p>\n<p style=\"text-align: center;\"><span style=\"color: #f07e1c;\">Lieu\u00a0: Amphi Migeon, Polytech&rsquo;lille<\/span><\/p>\n<p><strong><span style=\"color: #f07e1c;\">Objectif <\/span><\/strong><\/p>\n<p>Ce s\u00e9minaire a pour objectif d\u2019amener la r\u00e9flexion sur les questions suivantes\u00a0:<\/p>\n<ul>\n<li>Quel est notre r\u00f4le en tant que laboratoire de G\u00e9nie Electrique dans le d\u00e9veloppement de l\u2019\u00e9conomie circulaire ?<\/li>\n<li>Quelle est la valeur ajout\u00e9e scientifique ?<\/li>\n<li>Quels int\u00e9r\u00eats peuvent avoir nos partenaires (collectivit\u00e9s et industriels) \u00e0 int\u00e9grer ces th\u00e9matiques dans nos activit\u00e9s de recherche partenariale\u00a0?<\/li>\n<\/ul>\n<p><strong><span style=\"color: #f07e1c;\">Programme<\/span><\/strong><\/p>\n<ul>\n<li>14h00 : introduction, Betty Semail, Directrice du L2EP<\/li>\n<li>14h10 :\u00a0\u00ab\u00a0\u00e9conomie circulaire et \u00e9co-conception illustr\u00e9es sur le cas des \u00e9quipements \u00e9lectriques et \u00e9lectroniques\u00a0\u00bb, Nicolas Perry, Professeur, I2M, Arts et M\u00e9tiers Sciences et Technologies, Talence<\/li>\n<li>15h10 : \u00ab \u00e9tude de cas dans le domaine du transport de l\u2019\u00e9nergie \u00e9lectrique\u00a0\u00bb, Guillaume Busato, Responsable Eco-conception, R&amp;D environnement, RTE, Paris<\/li>\n<li>16h00 : pause<\/li>\n<li>16h20 : \u00ab\u00a0Exp\u00e9riences du L2EP dans le domaine de l\u2019\u00e9co-conception\u00a0\u00bb S. Brisset, Professeur, L2EP, Centrale Lille Institut, Lille<\/li>\n<li>16h50 : table ronde anim\u00e9e par S. Cl\u00e9net, Professeur, L2EP, Arts et M\u00e9tiers Sciences et Technologies, Lille<\/li>\n<li>17h15 : fin<\/li>\n<\/ul>\n","protected":false},"excerpt":{"rendered":"<p>S\u00e9minaire\/Webinaire \u00a0\u00ab Economie circulaire et \u00e9co-conception\u00a0en G\u00e9nie Electrique \u00bb 30 juin 2021, 14h Lieu\u00a0: Amphi Migeon, Polytech&rsquo;lille Objectif Ce s\u00e9minaire a pour objectif d\u2019amener la r\u00e9flexion sur les questions suivantes\u00a0: Quel est notre r\u00f4le en tant que laboratoire de G\u00e9nie Electrique dans le d\u00e9veloppement de l\u2019\u00e9conomie circulaire ? Quelle est la valeur ajout\u00e9e scientifique ? [&hellip;]<\/p>\n","protected":false},"author":8,"featured_media":0,"comment_status":"closed","ping_status":"closed","sticky":false,"template":"","format":"standard","meta":[],"categories":[37],"tags":[],"_links":{"self":[{"href":"https:\/\/l2ep.univ-lille.fr\/en\/wp-json\/wp\/v2\/posts\/6795"}],"collection":[{"href":"https:\/\/l2ep.univ-lille.fr\/en\/wp-json\/wp\/v2\/posts"}],"about":[{"href":"https:\/\/l2ep.univ-lille.fr\/en\/wp-json\/wp\/v2\/types\/post"}],"author":[{"embeddable":true,"href":"https:\/\/l2ep.univ-lille.fr\/en\/wp-json\/wp\/v2\/users\/8"}],"replies":[{"embeddable":true,"href":"https:\/\/l2ep.univ-lille.fr\/en\/wp-json\/wp\/v2\/comments?post=6795"}],"version-history":[{"count":3,"href":"https:\/\/l2ep.univ-lille.fr\/en\/wp-json\/wp\/v2\/posts\/6795\/revisions"}],"predecessor-version":[{"id":6908,"href":"https:\/\/l2ep.univ-lille.fr\/en\/wp-json\/wp\/v2\/posts\/6795\/revisions\/6908"}],"wp:attachment":[{"href":"https:\/\/l2ep.univ-lille.fr\/en\/wp-json\/wp\/v2\/media?parent=6795"}],"wp:term":[{"taxonomy":"category","embeddable":true,"href":"https:\/\/l2ep.univ-lille.fr\/en\/wp-json\/wp\/v2\/categories?post=6795"},{"taxonomy":"post_tag","embeddable":true,"href":"https:\/\/l2ep.univ-lille.fr\/en\/wp-json\/wp\/v2\/tags?post=6795"}],"curies":[{"name":"wp","href":"https:\/\/api.w.org\/{rel}","templated":true}]}}