{"id":6384,"date":"2020-09-23T08:34:41","date_gmt":"2020-09-23T07:34:41","guid":{"rendered":"https:\/\/l2ep.univ-lille.fr\/?p=6384"},"modified":"2020-10-05T14:07:34","modified_gmt":"2020-10-05T13:07:34","slug":"journee-des-doctorants-de-fin-de-premiere-annee-25-septembre-2020","status":"publish","type":"post","link":"https:\/\/l2ep.univ-lille.fr\/en\/journee-des-doctorants-de-fin-de-premiere-annee-25-septembre-2020\/","title":{"rendered":"Journ\u00e9e des doctorants de fin de premi\u00e8re ann\u00e9e, 25 Septembre 2020"},"content":{"rendered":"<p><span>Le Vendredi 25 septembre 2020, 12 \u00e9tudiants en fin de premi\u00e8re ann\u00e9e de th\u00e8se\u00a0pr\u00e9senteront leurs travaux devant l&rsquo;ensemble du laboratoire.<\/span><\/p>\n<p style=\"text-align: center;\"><span>Ecole Centrale, grand\u00a0<\/span><span>amphith\u00e9atre<\/span><\/p>\n<p style=\"text-align: center;\"><a href=\"https:\/\/l2ep.univ-lille.fr\/wp-content\/uploads\/planning.pdf\">Programme de la journ\u00e9e<\/a><a href=\"https:\/\/l2ep.univ-lille.fr\/wp-content\/uploads\/planning.pdf\"><img loading=\"lazy\" src=\"https:\/\/l2ep.univ-lille.fr\/wp-content\/uploads\/capture-d\u00e9cran-1.png\" alt=\"\" width=\"522\" height=\"405\" class=\"alignnone wp-image-6386\" srcset=\"https:\/\/l2ep.univ-lille.fr\/wp-content\/uploads\/capture-d\u00e9cran-1.png 1113w, https:\/\/l2ep.univ-lille.fr\/wp-content\/uploads\/capture-d\u00e9cran-1-300x233.png 300w, https:\/\/l2ep.univ-lille.fr\/wp-content\/uploads\/capture-d\u00e9cran-1-768x595.png 768w, https:\/\/l2ep.univ-lille.fr\/wp-content\/uploads\/capture-d\u00e9cran-1-1024x794.png 1024w\" sizes=\"(max-width: 522px) 100vw, 522px\" \/><\/a><\/p>\n","protected":false},"excerpt":{"rendered":"<p>Le Vendredi 25 septembre 2020, 12 \u00e9tudiants en fin de premi\u00e8re ann\u00e9e de th\u00e8se\u00a0pr\u00e9senteront leurs travaux devant l&rsquo;ensemble du laboratoire. Ecole Centrale, grand\u00a0amphith\u00e9atre Programme de la journ\u00e9e<\/p>\n","protected":false},"author":8,"featured_media":0,"comment_status":"closed","ping_status":"closed","sticky":false,"template":"","format":"standard","meta":[],"categories":[6],"tags":[],"_links":{"self":[{"href":"https:\/\/l2ep.univ-lille.fr\/en\/wp-json\/wp\/v2\/posts\/6384"}],"collection":[{"href":"https:\/\/l2ep.univ-lille.fr\/en\/wp-json\/wp\/v2\/posts"}],"about":[{"href":"https:\/\/l2ep.univ-lille.fr\/en\/wp-json\/wp\/v2\/types\/post"}],"author":[{"embeddable":true,"href":"https:\/\/l2ep.univ-lille.fr\/en\/wp-json\/wp\/v2\/users\/8"}],"replies":[{"embeddable":true,"href":"https:\/\/l2ep.univ-lille.fr\/en\/wp-json\/wp\/v2\/comments?post=6384"}],"version-history":[{"count":4,"href":"https:\/\/l2ep.univ-lille.fr\/en\/wp-json\/wp\/v2\/posts\/6384\/revisions"}],"predecessor-version":[{"id":6408,"href":"https:\/\/l2ep.univ-lille.fr\/en\/wp-json\/wp\/v2\/posts\/6384\/revisions\/6408"}],"wp:attachment":[{"href":"https:\/\/l2ep.univ-lille.fr\/en\/wp-json\/wp\/v2\/media?parent=6384"}],"wp:term":[{"taxonomy":"category","embeddable":true,"href":"https:\/\/l2ep.univ-lille.fr\/en\/wp-json\/wp\/v2\/categories?post=6384"},{"taxonomy":"post_tag","embeddable":true,"href":"https:\/\/l2ep.univ-lille.fr\/en\/wp-json\/wp\/v2\/tags?post=6384"}],"curies":[{"name":"wp","href":"https:\/\/api.w.org\/{rel}","templated":true}]}}