{"id":6117,"date":"2019-12-24T13:39:37","date_gmt":"2019-12-24T12:39:37","guid":{"rendered":"https:\/\/l2ep.univ-lille.fr\/?p=6117"},"modified":"2020-01-09T13:49:14","modified_gmt":"2020-01-09T12:49:14","slug":"assemblee-generale-24-janvier-2020","status":"publish","type":"post","link":"https:\/\/l2ep.univ-lille.fr\/en\/assemblee-generale-24-janvier-2020\/","title":{"rendered":"Assembl\u00e9e g\u00e9n\u00e9rale, 24 Jan. 2020"},"content":{"rendered":"<p style=\"text-align: center;\">Le <span style=\"color: #f07e1c;\">vendredi 24 janvier 2020\u00a0<\/span>(<span style=\"color: #f07e1c;\">15h30<\/span>) se tiendra s&rsquo;assembl\u00e9e g\u00e9n\u00e9rale du laboratoire \u00e0 l&rsquo;<span style=\"color: #f07e1c;\">atrium<\/span>, b\u00e2timent <span style=\"color: #f07e1c;\">ESPRIT<\/span>.<\/p>\n","protected":false},"excerpt":{"rendered":"<p>Le vendredi 24 janvier 2020\u00a0(15h30) se tiendra s&rsquo;assembl\u00e9e g\u00e9n\u00e9rale du laboratoire \u00e0 l&rsquo;atrium, b\u00e2timent ESPRIT.<\/p>\n","protected":false},"author":8,"featured_media":0,"comment_status":"closed","ping_status":"closed","sticky":false,"template":"","format":"standard","meta":[],"categories":[1],"tags":[],"_links":{"self":[{"href":"https:\/\/l2ep.univ-lille.fr\/en\/wp-json\/wp\/v2\/posts\/6117"}],"collection":[{"href":"https:\/\/l2ep.univ-lille.fr\/en\/wp-json\/wp\/v2\/posts"}],"about":[{"href":"https:\/\/l2ep.univ-lille.fr\/en\/wp-json\/wp\/v2\/types\/post"}],"author":[{"embeddable":true,"href":"https:\/\/l2ep.univ-lille.fr\/en\/wp-json\/wp\/v2\/users\/8"}],"replies":[{"embeddable":true,"href":"https:\/\/l2ep.univ-lille.fr\/en\/wp-json\/wp\/v2\/comments?post=6117"}],"version-history":[{"count":5,"href":"https:\/\/l2ep.univ-lille.fr\/en\/wp-json\/wp\/v2\/posts\/6117\/revisions"}],"predecessor-version":[{"id":6125,"href":"https:\/\/l2ep.univ-lille.fr\/en\/wp-json\/wp\/v2\/posts\/6117\/revisions\/6125"}],"wp:attachment":[{"href":"https:\/\/l2ep.univ-lille.fr\/en\/wp-json\/wp\/v2\/media?parent=6117"}],"wp:term":[{"taxonomy":"category","embeddable":true,"href":"https:\/\/l2ep.univ-lille.fr\/en\/wp-json\/wp\/v2\/categories?post=6117"},{"taxonomy":"post_tag","embeddable":true,"href":"https:\/\/l2ep.univ-lille.fr\/en\/wp-json\/wp\/v2\/tags?post=6117"}],"curies":[{"name":"wp","href":"https:\/\/api.w.org\/{rel}","templated":true}]}}