{"id":6110,"date":"2020-01-09T12:52:32","date_gmt":"2020-01-09T11:52:32","guid":{"rendered":"https:\/\/l2ep.univ-lille.fr\/?p=6110"},"modified":"2020-01-17T11:08:58","modified_gmt":"2020-01-17T10:08:58","slug":"parution-douvrage-stockage-denergie-electrique-pour-les-batiments-au-sein-de-reseaux-intelligents","status":"publish","type":"post","link":"https:\/\/l2ep.univ-lille.fr\/en\/parution-douvrage-stockage-denergie-electrique-pour-les-batiments-au-sein-de-reseaux-intelligents\/","title":{"rendered":"Publication, Electrical Energy Storage for Buildings in Smart Grids"},"content":{"rendered":"<div style=\"width: 640px; margin: auto;\">\n<p><img loading=\"lazy\" src=\"https:\/\/l2ep.univ-lille.fr\/wp-content\/uploads\/imen.jpg\" alt=\"\" width=\"181\" height=\"280\" class=\"wp-image-6115 alignleft\" srcset=\"https:\/\/l2ep.univ-lille.fr\/wp-content\/uploads\/imen.jpg 258w, https:\/\/l2ep.univ-lille.fr\/wp-content\/uploads\/imen-194x300.jpg 194w\" sizes=\"(max-width: 181px) 100vw, 181px\" \/><\/p>\n<p class=\"western\"><span style=\"font-family: Arial, sans-serif;\"><span style=\"font-size: medium;\"><span lang=\"en-US\"><i><b>Electrical Energy Storage for Buildings in Smart Grids<\/b><\/i><\/span><\/span><\/span><\/p>\n<p class=\"western\"><span style=\"font-family: Arial, sans-serif;\"><b>Beno\u00eet Robyns<\/b><\/span><span style=\"font-family: Arial, sans-serif;\"><b>,<\/b><\/span><span style=\"font-family: Arial, sans-serif;\"><i> <\/i><\/span><span style=\"font-family: Arial, sans-serif;\"><b>Arnaud Davigny, Herv\u00e9 Barry, Sabine Kazmierczak, Christophe Saudemont<\/b><\/span><span style=\"font-family: Arial, sans-serif;\"><b>, Dhaker Abbes, Bruno Fran\u00e7ois<\/b><\/span><\/p>\n<p class=\"western\"><span style=\"font-family: Arial, sans-serif;\"><span lang=\"en-US\">ISBN: <\/span><\/span><span style=\"font-family: Arial, sans-serif;\"><span><span lang=\"en-US\">9781848216129<\/span><\/span><\/span><\/p>\n<p class=\"western\"><span style=\"font-family: Arial, sans-serif;\"><span lang=\"en-US\">July 2019, 396 pages<\/span><\/span><\/p>\n<p lang=\"en-US\" class=\"western\"><span style=\"font-family: Arial, sans-serif;\"><b>Summary<\/b><\/span><\/p>\n<p lang=\"en-US\" class=\"western\"><span style=\"font-family: Arial, sans-serif;\"><span style=\"font-size: small;\">Current developments in the renewable energy field, and the trend toward self-production and self-consumption of energy, has led to increased interest in the means of storing electrical energy; a key element of sustainable development.<\/span><\/span><\/p>\n<p lang=\"en-US\" class=\"western\"><span style=\"font-family: Arial, sans-serif;\"><span style=\"font-size: small;\">This book provides an in-depth view of the environmentally responsible energy solutions currently available for use in the building sector. It highlights the importance of storing electrical energy, demonstrates the many services that the storage of electrical energy can bring, and discusses the important socio-economic factors related to the emergence of smart buildings and smart grids. Finally, it presents the methodological tools needed to build a system of storage-based energy management, illustrated by concrete, pedagogic examples.<\/span><\/span><\/p>\n<p class=\"western\"><span style=\"font-family: Arial, sans-serif;\"><span lang=\"en-US\"><b>Content<\/b><\/span><\/span><\/p>\n<p class=\"western\"><span style=\"font-family: Arial, sans-serif;\"><span style=\"font-size: small;\"><span lang=\"en\">1. Storing Electrical Energy in Habitat: Toward \u201cSmart Buildings\u201d and \u201cSmart Cities\u201d.<\/span><\/span><\/span><\/p>\n<p lang=\"en\" class=\"western\"><span style=\"font-family: Arial, sans-serif;\"><span style=\"font-size: small;\">2. Energy Storage in a Commercial Building.<\/span><\/span><\/p>\n<p lang=\"en\" class=\"western\"><span style=\"font-family: Arial, sans-serif;\"><span style=\"font-size: small;\">3. Energy Storage in a Tertiary Building, Combining Photovoltaic Panels and LED Lighting.<\/span><\/span><\/p>\n<p class=\"western\"><span style=\"font-family: Arial, sans-serif;\"><span style=\"font-size: small;\"><span lang=\"en\">4. Hybrid Storage Associated with Photovoltaic Technology for Buildings in Non-interconnected Zones.<\/span><\/span><\/span><\/p>\n<p lang=\"en\" class=\"western\"><span style=\"font-family: Arial, sans-serif;\"><span style=\"font-size: small;\">5. Economic and Sociological Implications of SmartGrids.<\/span><\/span><\/p>\n<p lang=\"en\" class=\"western\"><span style=\"font-family: Arial, sans-serif;\"><span style=\"font-size: small;\">6. Energy Mutualization for Tertiary Buildings, Residential Buildings and Producers.<\/span><\/span><\/p>\n<p lang=\"en\" class=\"western\"><span style=\"font-family: Arial, sans-serif;\"><span style=\"font-size: small;\">7. Centralized Management of a Local Energy Community to Maximize Self-consumption of PV Production.<\/span><\/span><\/p>\n<p lang=\"en\" class=\"western\"><span style=\"font-family: Arial, sans-serif;\"><span style=\"font-size: small;\">8. Reversible Charging from Electric Vehicles to Grids and Buildings.<\/span><\/span><\/p>\n<p class=\"western\"><span style=\"font-family: Arial, sans-serif;\"><span lang=\"en-US\"><b>Authors<\/b><\/span><\/span><\/p>\n<p class=\"western\"><span style=\"font-family: Arial, sans-serif;\"><span style=\"font-size: small;\"><span lang=\"en-US\"><b>Beno\u00eet Robyns<\/b><\/span><\/span><\/span><span style=\"font-family: Arial, sans-serif;\"><span style=\"font-size: small;\"><span lang=\"en-US\"> is Research Director at HEI-Yncr\u00e9a Lille, and Vice President of Energy and Societal Transition at Lille Catholic University. He is the head of the \u201cPower Systems\u201d team of the Laboratory of Electrotechnics and Power Electronics of Lille (L2EP).<\/span><\/span><\/span><\/p>\n<p class=\"western\"><span style=\"font-family: Arial, sans-serif;\"><span style=\"font-size: small;\"><span lang=\"en-US\"><b>Arnaud Davigny<\/b><\/span><\/span><\/span><span style=\"font-family: Arial, sans-serif;\"><span style=\"font-size: small;\"><span lang=\"en-US\"> is a lecturer at HEI-Yncr\u00e9a Lille and researcher at L2EP.<\/span><\/span><\/span><\/p>\n<p class=\"western\"><span style=\"font-family: Arial, sans-serif;\"><span style=\"font-size: small;\"><span lang=\"en-US\"><b>Herv\u00e9 Barry<\/b><\/span><\/span><\/span><span style=\"font-family: Arial, sans-serif;\"><span style=\"font-size: small;\"><span lang=\"en-US\"> is a lecturer at Lille Catholic University, Faculty of Management, Economics and Sciences.<\/span><\/span><\/span><\/p>\n<p class=\"western\"><span style=\"font-family: Arial, sans-serif;\"><span style=\"font-size: small;\"><span lang=\"en-US\"><b>Sabine Kazmierczak<\/b><\/span><\/span><\/span><span style=\"font-family: Arial, sans-serif;\"><span style=\"font-size: small;\"><span lang=\"en-US\"> is a lecturer at Lille Catholic University, Faculty of Management, Economics and Sciences.<\/span><\/span><\/span><\/p>\n<p class=\"western\"><span style=\"font-family: Arial, sans-serif;\"><span style=\"font-size: small;\"><span lang=\"en-US\"><b>Christophe Saudemont<\/b><\/span><\/span><\/span><span style=\"font-family: Arial, sans-serif;\"><span style=\"font-size: small;\"><span lang=\"en-US\"> is a Professor at HEI-Yncr\u00e9a Lille and researcher at L2EP.<\/span><\/span><\/span><\/p>\n<p class=\"western\"><span style=\"font-family: Arial, sans-serif;\"><span style=\"font-size: small;\"><span lang=\"en-US\"><b>Dhaker Abbes<\/b><\/span><\/span><\/span><span style=\"font-family: Arial, sans-serif;\"><span style=\"font-size: small;\"><span lang=\"en-US\"> is a lecturer at HEI-Yncr\u00e9a Lille and researcher at L2EP.<\/span><\/span><\/span><\/p>\n<p class=\"western\"><span style=\"font-family: Arial, sans-serif;\"><span style=\"font-size: small;\"><span lang=\"en-US\"><b>Bruno Fran\u00e7ois<\/b><\/span><\/span><\/span><span style=\"font-family: Arial, sans-serif;\"><span style=\"font-size: small;\"><span lang=\"en-US\"> is a Professor at Ecole Centrale de Lille and researcher at L2EP.<\/span><\/span><\/span><\/p>\n<p class=\"western\" align=\"center\"><span style=\"color: #0563c1;\"><u><a class=\"western\" href=\"http:\/\/www.wiley.com\/\"><span style=\"font-family: Arial, sans-serif;\"><span lang=\"en-US\"><i>www.wiley.com<\/i><\/span><\/span><\/a><\/u><\/span><\/p>\n<p class=\"western\" align=\"center\"><span style=\"color: #0563c1;\"><u><a class=\"western\" href=\"http:\/\/iste.co.uk\/\"><span style=\"font-family: Arial, sans-serif;\"><span lang=\"en-US\"><i>http:\/\/iste.co.uk<\/i><\/span><\/span><\/a><\/u><\/span><\/p>\n<\/div>\n","protected":false},"excerpt":{"rendered":"<p>Electrical Energy Storage for Buildings in Smart Grids Beno\u00eet Robyns, Arnaud Davigny, Herv\u00e9 Barry, Sabine Kazmierczak, Christophe Saudemont, Dhaker Abbes, Bruno Fran\u00e7ois ISBN: 9781848216129 July 2019, 396 pages Summary Current developments in the renewable energy field, and the trend toward self-production and self-consumption of energy, has led to increased interest in the means of storing [&hellip;]<\/p>\n","protected":false},"author":8,"featured_media":0,"comment_status":"closed","ping_status":"closed","sticky":false,"template":"","format":"standard","meta":[],"categories":[18],"tags":[],"_links":{"self":[{"href":"https:\/\/l2ep.univ-lille.fr\/en\/wp-json\/wp\/v2\/posts\/6110"}],"collection":[{"href":"https:\/\/l2ep.univ-lille.fr\/en\/wp-json\/wp\/v2\/posts"}],"about":[{"href":"https:\/\/l2ep.univ-lille.fr\/en\/wp-json\/wp\/v2\/types\/post"}],"author":[{"embeddable":true,"href":"https:\/\/l2ep.univ-lille.fr\/en\/wp-json\/wp\/v2\/users\/8"}],"replies":[{"embeddable":true,"href":"https:\/\/l2ep.univ-lille.fr\/en\/wp-json\/wp\/v2\/comments?post=6110"}],"version-history":[{"count":9,"href":"https:\/\/l2ep.univ-lille.fr\/en\/wp-json\/wp\/v2\/posts\/6110\/revisions"}],"predecessor-version":[{"id":6142,"href":"https:\/\/l2ep.univ-lille.fr\/en\/wp-json\/wp\/v2\/posts\/6110\/revisions\/6142"}],"wp:attachment":[{"href":"https:\/\/l2ep.univ-lille.fr\/en\/wp-json\/wp\/v2\/media?parent=6110"}],"wp:term":[{"taxonomy":"category","embeddable":true,"href":"https:\/\/l2ep.univ-lille.fr\/en\/wp-json\/wp\/v2\/categories?post=6110"},{"taxonomy":"post_tag","embeddable":true,"href":"https:\/\/l2ep.univ-lille.fr\/en\/wp-json\/wp\/v2\/tags?post=6110"}],"curies":[{"name":"wp","href":"https:\/\/api.w.org\/{rel}","templated":true}]}}