{"id":5409,"date":"2018-10-20T15:38:01","date_gmt":"2018-10-20T14:38:01","guid":{"rendered":"https:\/\/l2ep.univ-lille.fr\/?p=5409"},"modified":"2018-11-22T15:49:34","modified_gmt":"2018-11-22T14:49:34","slug":"signature-de-laccord-cadre-entre-le-l2ep-et-edf-et-de-la-convention-lamel-20-nov-2018","status":"publish","type":"post","link":"https:\/\/l2ep.univ-lille.fr\/en\/signature-de-laccord-cadre-entre-le-l2ep-et-edf-et-de-la-convention-lamel-20-nov-2018\/","title":{"rendered":"Signature de l\u2019accord cadre entre le L2EP et EDF et de la convention LAMEL, 20 Nov. 2018"},"content":{"rendered":"<p style=\"text-align: center;\"><strong><span style=\"font-size: medium; color: #f07e1c;\">Signature de l\u2019accord cadre entre le L2EP et EDF\u00a0et de la convention LAMEL<\/span><\/strong><\/p>\n<p style=\"text-align: center;\">Le mardi 20 novembre 2018 \u00e0 16h00<br \/>\nLILLIAD learning center innovation &#8211;\u00a0Campus cit\u00e9 scientifique &#8211; Villeneuve d\u2019Ascq<\/p>\n<p>&nbsp;<\/p>\n<p style=\"text-align: justify;\">Depuis plusieurs ann\u00e9es, de nombreuses collaborations ont vu le jour entre\u00a0 le Laboratoire d\u2019\u00e9lectrotechnique et d\u2019\u00e9lectronique de puissance (L2EP) et\u00a0 l\u2019entreprise EDF.<\/p>\n<p style=\"text-align: justify;\">Ce partenariat conforte l\u2019excellence de la fili\u00e8re \u00e9lectrotechnique dans la r\u00e9gion des Hauts de France. Il s\u2019inscrit d\u2019une part dans le contexte de mutations du d\u00e9veloppement de la production d\u2019\u00e9lectricit\u00e9 \u00e0 partir des \u00e9nergies renouvelables, et d\u2019autre part dans celui de la mod\u00e9lisation num\u00e9rique en vue de la s\u00fbret\u00e9 de fonctionnement des syst\u00e8mes \u00e9lectriques.<\/p>\n<p style=\"text-align: justify;\">Les collaborations entre le L2EP et EDF ont donn\u00e9 lieu d\u00e8s 2006 \u00e0 la cr\u00e9ation d\u2019un laboratoire commun : le Laboratoire de mod\u00e9lisation du mat\u00e9riel \u00e9lectrique (LAMEL), puis \u00e0 un premier accord-cadre sign\u00e9 en 2014.<\/p>\n<p style=\"text-align: justify;\">Apr\u00e8s une collaboration fructueuse de plusieurs ann\u00e9es, EDF et L2EP signent pour un prolongement et un renforcement de leurs engagements.<\/p>\n<p><a href=\"https:\/\/l2ep.univ-lille.fr\/wp-content\/uploads\/EDF-L2EP-LAMEL-2522.jpg\"><img loading=\"lazy\" src=\"https:\/\/l2ep.univ-lille.fr\/wp-content\/uploads\/EDF-L2EP-LAMEL-2522-300x200.jpg\" alt=\"\" width=\"506\" height=\"337\" class=\"alignnone wp-image-5412 aligncenter\" srcset=\"https:\/\/l2ep.univ-lille.fr\/wp-content\/uploads\/EDF-L2EP-LAMEL-2522-300x200.jpg 300w, https:\/\/l2ep.univ-lille.fr\/wp-content\/uploads\/EDF-L2EP-LAMEL-2522-768x511.jpg 768w, https:\/\/l2ep.univ-lille.fr\/wp-content\/uploads\/EDF-L2EP-LAMEL-2522-1024x681.jpg 1024w\" sizes=\"(max-width: 506px) 100vw, 506px\" \/><\/a><\/p>\n<p>&nbsp;<\/p>\n<p><strong><span style=\"font-size: medium; color: #f07e1c;\">PROGRAMME<\/span><\/strong><\/p>\n<p><strong><span style=\"color: #f07e1c;\">16h00 &#8211; ACCUEIL LILLIAD<\/span><\/strong>\u00a0&#8211; Espace \u00e9v\u00e8nementiel<\/p>\n<p><strong><span style=\"color: #f07e1c;\">16h30 &#8211; MOT D\u2019INTRODUCTION LILLIAD<\/span><\/strong> &#8211; Amphith\u00e9\u00e2tre B<br \/>\nPr\u00e9sentation des relations et de la convention entre le L2EP et EDF<br \/>\n\u2022 <strong>Betty Lemaire-Semail<\/strong><br \/>\nProfesseur des universit\u00e9s, directrice du L2EP<br \/>\n\u2022 <strong>Yvonnick Le Menach<\/strong><br \/>\nProfesseur des universit\u00e9s, directeur du LAMEL<br \/>\n\u2022 <strong>Xavier Guillaud<\/strong><br \/>\nProfesseur des universit\u00e9s \u00e0 Centrale Lille<\/p>\n<p><strong><span style=\"color: #f07e1c;\">16h45 &#8211; ALLOCUTIONS<\/span><\/strong><br \/>\n\u2022 <strong>Jean-Christophe Camart<\/strong><br \/>\nPr\u00e9sident de l\u2019Universit\u00e9 de Lille<br \/>\n\u2022 <strong>Emmanuel Duflos<\/strong><br \/>\nDirecteur de Centrale Lille<br \/>\n\u2022 <strong>St\u00e9phane Clenet<\/strong><br \/>\nDirecteur du campus Arts et M\u00e9tiers de Lille<br \/>\n\u2022 <strong>Andreas Kaiser<\/strong><br \/>\nDirecteur de la recherche et innovation Yncr\u00e9a<br \/>\n\u2022 <strong>Jean-Philippe Laurent<\/strong><br \/>\nDirecteur en charge des domaines m\u00e9tiers commerce, \u00e9nergies<br \/>\nrenouvelables, management d\u2019\u00e9nergie et r\u00e9seaux d\u2019EDF<br \/>\n\u2022 <strong>Mathias Povse<\/strong><br \/>\nD\u00e9l\u00e9gu\u00e9 r\u00e9gional d\u2019EDF en Hauts-de-France<\/p>\n<p><strong><span style=\"color: #f07e1c;\">17h15 &#8211; SIGNATURE DE LA CONVENTION<\/span><\/strong><br \/>\n<strong><span style=\"color: #f07e1c;\">17h30 &#8211; COCKTAIL LILLIAD<\/span><\/strong> &#8211; Salon Pi<\/p>\n<p><strong><span style=\"color: #f07e1c;\">Contact<\/span><\/strong><br \/>\nYvonnick Le Menach<br \/>\nProfesseur<br \/>\ndes universit\u00e9s,<br \/>\ndirecteur du LAMEL<br \/>\n<span style=\"color: #f07e1c;\">yvonnick.le-menach@univ-lille.fr<\/span><\/p>\n<p><strong><span style=\"color: #f07e1c;\"><span style=\"color: #f07e1c;\">Acc\u00e8s<\/span><\/span><\/strong><br \/>\nLILLIAD learning center innovation<br \/>\nCit\u00e9 scientifique<br \/>\nVilleneuve d\u2019Ascq<\/p>\n","protected":false},"excerpt":{"rendered":"<p>Signature de l\u2019accord cadre entre le L2EP et EDF\u00a0et de la convention LAMEL Le mardi 20 novembre 2018 \u00e0 16h00 LILLIAD learning center innovation &#8211;\u00a0Campus cit\u00e9 scientifique &#8211; Villeneuve d\u2019Ascq &nbsp; Depuis plusieurs ann\u00e9es, de nombreuses collaborations ont vu le jour entre\u00a0 le Laboratoire d\u2019\u00e9lectrotechnique et d\u2019\u00e9lectronique de puissance (L2EP) et\u00a0 l\u2019entreprise EDF. Ce partenariat [&hellip;]<\/p>\n","protected":false},"author":8,"featured_media":0,"comment_status":"closed","ping_status":"closed","sticky":false,"template":"","format":"standard","meta":[],"categories":[9],"tags":[],"_links":{"self":[{"href":"https:\/\/l2ep.univ-lille.fr\/en\/wp-json\/wp\/v2\/posts\/5409"}],"collection":[{"href":"https:\/\/l2ep.univ-lille.fr\/en\/wp-json\/wp\/v2\/posts"}],"about":[{"href":"https:\/\/l2ep.univ-lille.fr\/en\/wp-json\/wp\/v2\/types\/post"}],"author":[{"embeddable":true,"href":"https:\/\/l2ep.univ-lille.fr\/en\/wp-json\/wp\/v2\/users\/8"}],"replies":[{"embeddable":true,"href":"https:\/\/l2ep.univ-lille.fr\/en\/wp-json\/wp\/v2\/comments?post=5409"}],"version-history":[{"count":4,"href":"https:\/\/l2ep.univ-lille.fr\/en\/wp-json\/wp\/v2\/posts\/5409\/revisions"}],"predecessor-version":[{"id":5414,"href":"https:\/\/l2ep.univ-lille.fr\/en\/wp-json\/wp\/v2\/posts\/5409\/revisions\/5414"}],"wp:attachment":[{"href":"https:\/\/l2ep.univ-lille.fr\/en\/wp-json\/wp\/v2\/media?parent=5409"}],"wp:term":[{"taxonomy":"category","embeddable":true,"href":"https:\/\/l2ep.univ-lille.fr\/en\/wp-json\/wp\/v2\/categories?post=5409"},{"taxonomy":"post_tag","embeddable":true,"href":"https:\/\/l2ep.univ-lille.fr\/en\/wp-json\/wp\/v2\/tags?post=5409"}],"curies":[{"name":"wp","href":"https:\/\/api.w.org\/{rel}","templated":true}]}}