{"id":4629,"date":"2018-01-20T09:12:04","date_gmt":"2018-01-20T08:12:04","guid":{"rendered":"https:\/\/l2ep.univ-lille.fr\/?p=4629"},"modified":"2018-02-20T16:38:48","modified_gmt":"2018-02-20T15:38:48","slug":"evenement-conference-stockage-et-integration-des-energies-renouvelables-dans-le-reseau","status":"publish","type":"post","link":"https:\/\/l2ep.univ-lille.fr\/en\/evenement-conference-stockage-et-integration-des-energies-renouvelables-dans-le-reseau\/","title":{"rendered":"Conf\u00e9rence \u00ab\u00a0Stockage et Int\u00e9gration des \u00e9nergies renouvelables dans le r\u00e9seau\u00a0\u00bb, 20 F\u00e9v. 2018"},"content":{"rendered":"<p><strong>Gauthier\u00a0Delille<\/strong>, Ing\u00e9nieur-chercheur EDF R&amp;D animera une conf\u00e9rence intitul\u00e9e :<\/p>\n<p><center><strong><span style=\"font-size: medium; color: #f07e1c;\">Stockage et Int\u00e9gration des \u00e9nergies renouvelables dans le r\u00e9seau<\/span><\/strong><\/center>Date :\u00a0<strong>Mardi 20 f\u00e9vrier 2018 \u00e0 18h<\/strong><br \/>\nLieu : <strong>Amphi Goubet, Centrale Lille<\/strong><\/p>\n<p style=\"text-align: justify;\">Ing\u00e9nieur et docteur de l\u2019EC Lille (2007 &amp; 2010), Gauthier\u00a0Delille a rejoint la R&amp;D d\u2019EDF en d\u00e9cembre 2010 pour travailler principalement sur l\u2019utilisation du stockage d\u2019\u00e9nergie et l\u2019insertion des \u00e9nergies renouvelables dans les syst\u00e8mes \u00e9lectriques. G. Delille anime actuellement un projet de R&amp;D sur ces th\u00e9matiques pour EDF Energies Nouvelles. Ces derni\u00e8res ann\u00e9es, il a pu exp\u00e9rimenter diff\u00e9rents aspects du poste d\u2019ing\u00e9nieur-chercheur en contribuant \u00e0 plusieurs d\u00e9veloppements de dispositifs de stockage, dont certains depuis les premiers calculs jusqu\u2019\u00e0 la mise en \u0153uvre sur le terrain. En introduction des \u00e9changes, G. Delille pr\u00e9sentera sa carri\u00e8re professionnelle et \u00a0donnera ensuite plusieurs exemples de d\u00e9ploiement de batteries au service des syst\u00e8mes \u00e9lectriques en France ou \u00e0 l\u2019\u00e9tranger.<\/p>\n<p>La conf\u00e9rence sera suivie d\u2019un petit cocktail dinatoire en salle Robert Bossut.<\/p>\n<p>Contact\u00a0: <a class=\"lien\" href=\"mailto:xavier.guillaud@centralelille.fr\">Xavier Guillaud<\/a>.<\/p>\n","protected":false},"excerpt":{"rendered":"<p>Gauthier\u00a0Delille, Ing\u00e9nieur-chercheur EDF R&amp;D animera une conf\u00e9rence intitul\u00e9e : Stockage et Int\u00e9gration des \u00e9nergies renouvelables dans le r\u00e9seauDate :\u00a0Mardi 20 f\u00e9vrier 2018 \u00e0 18h Lieu : Amphi Goubet, Centrale Lille Ing\u00e9nieur et docteur de l\u2019EC Lille (2007 &amp; 2010), Gauthier\u00a0Delille a rejoint la R&amp;D d\u2019EDF en d\u00e9cembre 2010 pour travailler principalement sur l\u2019utilisation du stockage [&hellip;]<\/p>\n","protected":false},"author":8,"featured_media":0,"comment_status":"closed","ping_status":"closed","sticky":false,"template":"","format":"standard","meta":[],"categories":[18,37],"tags":[],"_links":{"self":[{"href":"https:\/\/l2ep.univ-lille.fr\/en\/wp-json\/wp\/v2\/posts\/4629"}],"collection":[{"href":"https:\/\/l2ep.univ-lille.fr\/en\/wp-json\/wp\/v2\/posts"}],"about":[{"href":"https:\/\/l2ep.univ-lille.fr\/en\/wp-json\/wp\/v2\/types\/post"}],"author":[{"embeddable":true,"href":"https:\/\/l2ep.univ-lille.fr\/en\/wp-json\/wp\/v2\/users\/8"}],"replies":[{"embeddable":true,"href":"https:\/\/l2ep.univ-lille.fr\/en\/wp-json\/wp\/v2\/comments?post=4629"}],"version-history":[{"count":9,"href":"https:\/\/l2ep.univ-lille.fr\/en\/wp-json\/wp\/v2\/posts\/4629\/revisions"}],"predecessor-version":[{"id":4719,"href":"https:\/\/l2ep.univ-lille.fr\/en\/wp-json\/wp\/v2\/posts\/4629\/revisions\/4719"}],"wp:attachment":[{"href":"https:\/\/l2ep.univ-lille.fr\/en\/wp-json\/wp\/v2\/media?parent=4629"}],"wp:term":[{"taxonomy":"category","embeddable":true,"href":"https:\/\/l2ep.univ-lille.fr\/en\/wp-json\/wp\/v2\/categories?post=4629"},{"taxonomy":"post_tag","embeddable":true,"href":"https:\/\/l2ep.univ-lille.fr\/en\/wp-json\/wp\/v2\/tags?post=4629"}],"curies":[{"name":"wp","href":"https:\/\/api.w.org\/{rel}","templated":true}]}}