{"id":4248,"date":"2017-02-10T08:16:09","date_gmt":"2017-02-10T07:16:09","guid":{"rendered":"https:\/\/l2ep.univ-lille.fr\/?p=4248"},"modified":"2017-03-17T12:12:47","modified_gmt":"2017-03-17T11:12:47","slug":"contrat-cadre-l2ep-rte","status":"publish","type":"post","link":"https:\/\/l2ep.univ-lille.fr\/en\/contrat-cadre-l2ep-rte\/","title":{"rendered":"Contrat cadre L2EP-RTE"},"content":{"rendered":"<p style=\"text-align: justify;\">Le laboratoire L2EP, et RTE ont formalis\u00e9 le 26 janvier dernier, \u00e0 travers la signature d\u2019un contrat cadre, leur engagement commun sur un programme scientifique d\u2019une dur\u00e9e de 5 ans.<\/p>\n<p style=\"text-align: justify;\">RTE financera des travaux de recherche sur la th\u00e9matique de l\u2019\u00e9lectronique de puissance dans les r\u00e9seaux. Outre les avanc\u00e9es scientifiques que ces travaux permettront au niveau europ\u00e9en, ils auront des retomb\u00e9es p\u00e9dagogiques dans le cadre de la chaire d\u2019enseignement R\u00e9seaux Electriques dispens\u00e9e \u00e0 Centrale Lille.<\/p>\n<p style=\"text-align: justify;\">Ce contrat formalise des travaux de recherche engag\u00e9s depuis de nombreuses ann\u00e9es, et qui ont notamment donn\u00e9 lieu \u00e0 une participation commune des deux entit\u00e9s \u00e0 3 projets europ\u00e9ens, ainsi qu&rsquo;au projet Power Grid Campus Lille.<\/p>\n<\/p>\n<p><a href=\"http:\/\/www.pole-medee.com\/2017\/02\/electronique-de-puissance-reseaux-de-transport-l2ep-rte-signent-contrat-cadre\/\" target=\"_blank\"><span class=\"lien\">En savoir plus&#8230;<\/span><\/a><\/p>\n<p><a href=\"https:\/\/l2ep.univ-lille.fr\/wp-content\/uploads\/signature-l2ep-rte-26012017ter.jpg\"><img class=\"size-full wp-image-3131 aligncenter\" src=\"https:\/\/l2ep.univ-lille.fr\/wp-content\/uploads\/signature-l2ep-rte-26012017ter.jpg\" alt=\"L2EP-RTE\" width=\"500\" \/><\/a><\/p>\n","protected":false},"excerpt":{"rendered":"<p>Le laboratoire L2EP, et RTE ont formalis\u00e9 le 26 janvier dernier, \u00e0 travers la signature d\u2019un contrat cadre, leur engagement commun sur un programme scientifique d\u2019une dur\u00e9e de 5 ans. RTE financera des travaux de recherche sur la th\u00e9matique de l\u2019\u00e9lectronique de puissance dans les r\u00e9seaux. Outre les avanc\u00e9es scientifiques que ces travaux permettront au [&hellip;]<\/p>\n","protected":false},"author":3,"featured_media":0,"comment_status":"closed","ping_status":"closed","sticky":false,"template":"","format":"standard","meta":[],"categories":[9,18],"tags":[],"_links":{"self":[{"href":"https:\/\/l2ep.univ-lille.fr\/en\/wp-json\/wp\/v2\/posts\/4248"}],"collection":[{"href":"https:\/\/l2ep.univ-lille.fr\/en\/wp-json\/wp\/v2\/posts"}],"about":[{"href":"https:\/\/l2ep.univ-lille.fr\/en\/wp-json\/wp\/v2\/types\/post"}],"author":[{"embeddable":true,"href":"https:\/\/l2ep.univ-lille.fr\/en\/wp-json\/wp\/v2\/users\/3"}],"replies":[{"embeddable":true,"href":"https:\/\/l2ep.univ-lille.fr\/en\/wp-json\/wp\/v2\/comments?post=4248"}],"version-history":[{"count":6,"href":"https:\/\/l2ep.univ-lille.fr\/en\/wp-json\/wp\/v2\/posts\/4248\/revisions"}],"predecessor-version":[{"id":4330,"href":"https:\/\/l2ep.univ-lille.fr\/en\/wp-json\/wp\/v2\/posts\/4248\/revisions\/4330"}],"wp:attachment":[{"href":"https:\/\/l2ep.univ-lille.fr\/en\/wp-json\/wp\/v2\/media?parent=4248"}],"wp:term":[{"taxonomy":"category","embeddable":true,"href":"https:\/\/l2ep.univ-lille.fr\/en\/wp-json\/wp\/v2\/categories?post=4248"},{"taxonomy":"post_tag","embeddable":true,"href":"https:\/\/l2ep.univ-lille.fr\/en\/wp-json\/wp\/v2\/tags?post=4248"}],"curies":[{"name":"wp","href":"https:\/\/api.w.org\/{rel}","templated":true}]}}