{"id":3947,"date":"2016-06-07T06:55:46","date_gmt":"2016-06-07T05:55:46","guid":{"rendered":"https:\/\/l2ep.univ-lille.fr\/?p=3947"},"modified":"2016-06-07T07:00:31","modified_gmt":"2016-06-07T06:00:31","slug":"professeur-invite-m-radulescu","status":"publish","type":"post","link":"https:\/\/l2ep.univ-lille.fr\/en\/professeur-invite-m-radulescu\/","title":{"rendered":"Professeur invit\u00e9: M. Radulescu"},"content":{"rendered":"<p>Le professeur Mircea Radulescu, directeur du <a title=\"SEMLET\" href=\"http:\/\/semlet.utcluj.ro\/\" target=\"_blank\"><span class=\"lien\">SEMLET<\/span><\/a> \u00e0 la <a title=\"SEMLET\" href=\"http:\/\/www.utcluj.ro\/en\/\" target=\"_blank\"><span class=\"lien\">Technical University of Cluj-Napoc<\/span><\/a> en Roumanie, interviendra pour pr\u00e9senter son universit\u00e9 et ses activit\u00e9s de recherche le <strong>mardi 14 juin de 10h15 \u00e0 12h<\/strong> \u00e0 l\u2019<strong>Ecole Centrale de Lille<\/strong>, dans l\u2019<strong>Amphi Poirier<\/strong>.<\/p>\n<p><a title=\"Radulescu\" href=\"http:\/\/semlet.utcluj.ro\/mmradulescu.html\" target=\"_blank\"><span class=\"lien\">Plus d&rsquo;information \u00e0 propos de l&rsquo;intervenant<\/span><\/a>.<\/p>\n","protected":false},"excerpt":{"rendered":"<p>Le professeur Mircea Radulescu, directeur du SEMLET \u00e0 la Technical University of Cluj-Napoc en Roumanie, interviendra pour pr\u00e9senter son universit\u00e9 et ses activit\u00e9s de recherche le mardi 14 juin de 10h15 \u00e0 12h \u00e0 l\u2019Ecole Centrale de Lille, dans l\u2019Amphi Poirier. Plus d&rsquo;information \u00e0 propos de l&rsquo;intervenant.<\/p>\n","protected":false},"author":3,"featured_media":0,"comment_status":"closed","ping_status":"closed","sticky":false,"template":"","format":"standard","meta":[],"categories":[34,21],"tags":[],"_links":{"self":[{"href":"https:\/\/l2ep.univ-lille.fr\/en\/wp-json\/wp\/v2\/posts\/3947"}],"collection":[{"href":"https:\/\/l2ep.univ-lille.fr\/en\/wp-json\/wp\/v2\/posts"}],"about":[{"href":"https:\/\/l2ep.univ-lille.fr\/en\/wp-json\/wp\/v2\/types\/post"}],"author":[{"embeddable":true,"href":"https:\/\/l2ep.univ-lille.fr\/en\/wp-json\/wp\/v2\/users\/3"}],"replies":[{"embeddable":true,"href":"https:\/\/l2ep.univ-lille.fr\/en\/wp-json\/wp\/v2\/comments?post=3947"}],"version-history":[{"count":6,"href":"https:\/\/l2ep.univ-lille.fr\/en\/wp-json\/wp\/v2\/posts\/3947\/revisions"}],"predecessor-version":[{"id":3953,"href":"https:\/\/l2ep.univ-lille.fr\/en\/wp-json\/wp\/v2\/posts\/3947\/revisions\/3953"}],"wp:attachment":[{"href":"https:\/\/l2ep.univ-lille.fr\/en\/wp-json\/wp\/v2\/media?parent=3947"}],"wp:term":[{"taxonomy":"category","embeddable":true,"href":"https:\/\/l2ep.univ-lille.fr\/en\/wp-json\/wp\/v2\/categories?post=3947"},{"taxonomy":"post_tag","embeddable":true,"href":"https:\/\/l2ep.univ-lille.fr\/en\/wp-json\/wp\/v2\/tags?post=3947"}],"curies":[{"name":"wp","href":"https:\/\/api.w.org\/{rel}","templated":true}]}}